{"id":3615,"date":"2026-09-02T16:29:00","date_gmt":"2026-09-02T22:29:00","guid":{"rendered":"https:\/\/alboradatixtla.com\/?p=3615"},"modified":"2026-09-03T20:31:10","modified_gmt":"2026-09-04T02:31:10","slug":"el-congreso-de-guerrero-aprobo-reformas-para-modernizar-la-infraestructura-educativa","status":"publish","type":"post","link":"https:\/\/alboradatixtla.com\/?p=3615","title":{"rendered":"&#8220;El Congreso de Guerrero aprob\u00f3 reformas para modernizar la infraestructura educativa&#8221;"},"content":{"rendered":"<div class=\"pvc_clear\"><\/div><p id=\"pvc_stats_3615\" class=\"pvc_stats all  \" data-element-id=\"3615\" style=\"\"><i class=\"pvc-stats-icon medium\" aria-hidden=\"true\"><svg xmlns=\"http:\/\/www.w3.org\/2000\/svg\" version=\"1.0\" viewBox=\"0 0 502 315\" preserveAspectRatio=\"xMidYMid meet\"><g transform=\"translate(0,332) scale(0.1,-0.1)\" fill=\"\" stroke=\"none\"><path d=\"M2394 3279 l-29 -30 -3 -207 c-2 -182 0 -211 15 -242 39 -76 157 -76 196 0 15 31 17 60 15 243 l-3 209 -33 29 c-26 23 -41 29 -80 29 -41 0 -53 -5 -78 -31z\"\/><path d=\"M3085 3251 c-45 -19 -58 -50 -96 -229 -47 -217 -49 -260 -13 -295 52 -53 146 -42 177 20 16 31 87 366 87 410 0 70 -86 122 -155 94z\"\/><path d=\"M1751 3234 c-13 -9 -29 -31 -37 -50 -12 -29 -10 -49 21 -204 19 -94 39 -189 45 -210 14 -50 54 -80 110 -80 34 0 48 6 76 34 21 21 34 44 34 59 0 14 -18 113 -40 219 -37 178 -43 195 -70 221 -36 32 -101 37 -139 11z\"\/><path d=\"M1163 3073 c-36 -7 -73 -59 -73 -102 0 -56 133 -378 171 -413 34 -32 83 -37 129 -13 70 36 67 87 -16 290 -86 209 -89 214 -129 231 -35 14 -42 15 -82 7z\"\/><path d=\"M3689 3066 c-15 -9 -33 -30 -42 -48 -48 -103 -147 -355 -147 -375 0 -98 131 -148 192 -74 13 15 57 108 97 206 80 196 84 226 37 273 -30 30 -99 39 -137 18z\"\/><path d=\"M583 2784 c-38 -19 -67 -74 -58 -113 9 -42 211 -354 242 -373 16 -10 45 -18 66 -18 51 0 107 52 107 100 0 39 -1 41 -124 234 -80 126 -108 162 -133 173 -41 17 -61 16 -100 -3z\"\/><path d=\"M4250 2784 c-14 -9 -74 -91 -133 -183 -95 -150 -107 -173 -107 -213 0 -55 33 -94 87 -104 67 -13 90 8 211 198 130 202 137 225 78 284 -27 27 -42 34 -72 34 -22 0 -50 -8 -64 -16z\"\/><path d=\"M2275 2693 c-553 -48 -1095 -270 -1585 -649 -135 -104 -459 -423 -483 -476 -23 -49 -22 -139 2 -186 73 -142 361 -457 571 -626 285 -228 642 -407 990 -497 242 -63 336 -73 660 -74 310 0 370 5 595 52 535 111 1045 392 1455 803 122 121 250 273 275 326 19 41 19 137 0 174 -41 79 -309 363 -465 492 -447 370 -946 591 -1479 653 -113 14 -422 18 -536 8z m395 -428 c171 -34 330 -124 456 -258 112 -119 167 -219 211 -378 27 -96 24 -300 -5 -401 -72 -255 -236 -447 -474 -557 -132 -62 -201 -76 -368 -76 -167 0 -236 14 -368 76 -213 98 -373 271 -451 485 -162 444 86 934 547 1084 153 49 292 57 452 25z m909 -232 c222 -123 408 -262 593 -441 76 -74 138 -139 138 -144 0 -16 -233 -242 -330 -319 -155 -123 -309 -223 -461 -299 l-81 -41 32 46 c18 26 49 83 70 128 143 306 141 649 -6 957 -25 52 -61 116 -79 142 l-34 47 45 -20 c26 -10 76 -36 113 -56z m-2057 25 c-40 -58 -105 -190 -130 -263 -110 -324 -59 -707 132 -981 25 -35 42 -64 37 -64 -19 0 -241 119 -326 174 -188 122 -406 314 -532 468 l-58 71 108 103 c185 178 428 349 672 473 66 33 121 60 123 61 2 0 -10 -19 -26 -42z\"\/><path d=\"M2375 1950 c-198 -44 -350 -190 -395 -379 -18 -76 -8 -221 19 -290 114 -284 457 -406 731 -260 98 52 188 154 231 260 27 69 37 214 19 290 -38 163 -166 304 -326 360 -67 23 -215 33 -279 19z\"\/><\/g><\/svg><\/i> <img loading=\"lazy\" decoding=\"async\" width=\"16\" height=\"16\" alt=\"Loading\" src=\"https:\/\/alboradatixtla.com\/wp-content\/plugins\/page-views-count\/ajax-loader-2x.gif\" border=0 \/><\/p><div class=\"pvc_clear\"><\/div>\n<p><\/p>\n\n\n\n<p>Chilpancingo, Gro., 02 de septiembre de 2026.- Con el prop\u00f3sito de mejorar las condiciones en que estudian ni\u00f1as, ni\u00f1os, adolescentes y j\u00f3venes, mediante la modernizaci\u00f3n de los planteles educativos, el Congreso del Estado aprob\u00f3 reformas y adiciones a diversas disposiciones de la Ley N\u00famero 727 que Regula la Infraestructura F\u00edsica Educativa para el Estado de Guerrero, incorporando criterios de conectividad, innovaci\u00f3n tecnol\u00f3gica, sustentabilidad, accesibilidad y resiliencia.<\/p>\n\n\n\n<p>Dichas reformas derivan de una iniciativa presentada por el diputado Marco Tulio S\u00e1nchez Alarc\u00f3n (Morena), orientada a actualizar el marco normativo en materia de infraestructura f\u00edsica educativa, que atienda el rezago tecnol\u00f3gico, estructural y de sustentabilidad en los centros escolares de la entidad.<\/p>\n\n\n\n<p>Al fundamentar el dictamen en su calidad de presidente de la Comisi\u00f3n de Educaci\u00f3n, Ciencia y Tecnolog\u00eda, el diputado P\u00e1nfilo S\u00e1nchez Almaz\u00e1n (Morena) se\u00f1al\u00f3 que la infraestructura educativa no puede reducirse \u00fanicamente a aulas y servicios b\u00e1sicos, sino que debe avanzar hacia escuelas seguras, accesibles, modernas, sustentables y conectadas, acordes con las necesidades educativas actuales.<\/p>\n\n\n\n<p>Abund\u00f3 que estas reformas contemplan que los planteles de educaci\u00f3n b\u00e1sica, media superior y superior cuenten progresivamente con internet de banda ancha, aulas digitales, mobiliario ergon\u00f3mico y tecnol\u00f3gico, as\u00ed como sistemas de energ\u00eda renovable, captaci\u00f3n de agua pluvial e iluminaci\u00f3n de bajo consumo, proceso que se realizar\u00e1 de manera progresiva y de acuerdo con la suficiencia presupuestal aprobada para cada ejercicio fiscal, para de garantizar la viabilidad de las acciones de modernizaci\u00f3n.<\/p>\n\n\n\n<p>El legislador subray\u00f3 que los proyectos de construcci\u00f3n, rehabilitaci\u00f3n y modernizaci\u00f3n deber\u00e1n considerar diagn\u00f3sticos participativos con las comunidades escolares, dise\u00f1os arquitect\u00f3nicos resilientes con criterios de accesibilidad universal y sustentabilidad, adem\u00e1s de mecanismos para evaluar el impacto tecnol\u00f3gico y educativo de las obras.<\/p>\n\n\n\n<p>S\u00e1nchez Almaz\u00e1n mencion\u00f3 que estas acciones buscan reducir la brecha digital y generar mejores oportunidades para las y los estudiantes, independientemente de la comunidad o regi\u00f3n donde se encuentren, garantizando espacios dignos, seguros y adecuados para su formaci\u00f3n.<\/p>\n\n\n\n<p>Por \u00faltimo, se fortalece la profesionalizaci\u00f3n del Instituto Guerrerense de la Infraestructura F\u00edsica Educativa (IGIFE), cuya Direcci\u00f3n General deber\u00e1 estar a cargo de una persona con formaci\u00f3n profesional en ingenier\u00eda, arquitectura o carreras afines a la administraci\u00f3n y gesti\u00f3n de proyectos, adem\u00e1s de contar con experiencia m\u00ednima de cinco a\u00f1os en infraestructura p\u00fablica.<br>Intervenciones<\/p>\n\n\n\n<p>Realiz\u00f3 una intervenci\u00f3n en la sesi\u00f3n de este mi\u00e9rcoles, el diputado Jorge Iv\u00e1n Ortega Jim\u00e9nez (PRD), con el tema: \u201cLas productoras y productores de mezcal en Guerrero, sus retos, desaf\u00edos y algunas propuestas de soluci\u00f3n\u201d.<\/p>\n\n\n\n<p>La diputada Erika Lorena L\u00fchrs Cort\u00e9s (MC) intervino sobre \u201cEl nuevo ciclo escolar, nueva oportunidad para Guerrero\u201d, al que se sum\u00f3 el diputado Carlos Eduardo Bello Solano (Morena).<\/p>\n\n\n\n<p>Por su parte, el diputado Juan Valenzo Villanueva (Morena) intervino con el tema: &#8220;Las personas adultas mayores en M\u00e9xico, sujetos de derechos&#8221;. Sobre el mismo asunto intervino el diputado Alejandro Bravo Abarca (PRI).<\/p>\n\n\n\n<p>La diputada Beatriz V\u00e9lez N\u00fa\u00f1ez (PRI) intervino con el tema: \u201cD\u00eda Mundial de la Leucemia, y a nombre de la diputada Araceli Ocampo Manzanares (Morena), la diputada Ana Lilia Botello Figueroa intervino con motivo del \u201cD\u00eda Internacional de las Personas Afrodescendientes\u201d, tema al cual se sum\u00f3 el diputado P\u00e1nfilo S\u00e1nchez Almaz\u00e1n (Morena).<\/p>\n\n\n\n<p><\/p>\n","protected":false},"excerpt":{"rendered":"<div class=\"pvc_clear\"><\/div>\n<p id=\"pvc_stats_3615\" class=\"pvc_stats all  \" data-element-id=\"3615\" style=\"\"><i class=\"pvc-stats-icon medium\" aria-hidden=\"true\"><svg xmlns=\"http:\/\/www.w3.org\/2000\/svg\" version=\"1.0\" viewBox=\"0 0 502 315\" preserveAspectRatio=\"xMidYMid meet\"><g transform=\"translate(0,332) scale(0.1,-0.1)\" fill=\"\" stroke=\"none\"><path d=\"M2394 3279 l-29 -30 -3 -207 c-2 -182 0 -211 15 -242 39 -76 157 -76 196 0 15 31 17 60 15 243 l-3 209 -33 29 c-26 23 -41 29 -80 29 -41 0 -53 -5 -78 -31z\"\/><path d=\"M3085 3251 c-45 -19 -58 -50 -96 -229 -47 -217 -49 -260 -13 -295 52 -53 146 -42 177 20 16 31 87 366 87 410 0 70 -86 122 -155 94z\"\/><path d=\"M1751 3234 c-13 -9 -29 -31 -37 -50 -12 -29 -10 -49 21 -204 19 -94 39 -189 45 -210 14 -50 54 -80 110 -80 34 0 48 6 76 34 21 21 34 44 34 59 0 14 -18 113 -40 219 -37 178 -43 195 -70 221 -36 32 -101 37 -139 11z\"\/><path d=\"M1163 3073 c-36 -7 -73 -59 -73 -102 0 -56 133 -378 171 -413 34 -32 83 -37 129 -13 70 36 67 87 -16 290 -86 209 -89 214 -129 231 -35 14 -42 15 -82 7z\"\/><path d=\"M3689 3066 c-15 -9 -33 -30 -42 -48 -48 -103 -147 -355 -147 -375 0 -98 131 -148 192 -74 13 15 57 108 97 206 80 196 84 226 37 273 -30 30 -99 39 -137 18z\"\/><path d=\"M583 2784 c-38 -19 -67 -74 -58 -113 9 -42 211 -354 242 -373 16 -10 45 -18 66 -18 51 0 107 52 107 100 0 39 -1 41 -124 234 -80 126 -108 162 -133 173 -41 17 -61 16 -100 -3z\"\/><path d=\"M4250 2784 c-14 -9 -74 -91 -133 -183 -95 -150 -107 -173 -107 -213 0 -55 33 -94 87 -104 67 -13 90 8 211 198 130 202 137 225 78 284 -27 27 -42 34 -72 34 -22 0 -50 -8 -64 -16z\"\/><path d=\"M2275 2693 c-553 -48 -1095 -270 -1585 -649 -135 -104 -459 -423 -483 -476 -23 -49 -22 -139 2 -186 73 -142 361 -457 571 -626 285 -228 642 -407 990 -497 242 -63 336 -73 660 -74 310 0 370 5 595 52 535 111 1045 392 1455 803 122 121 250 273 275 326 19 41 19 137 0 174 -41 79 -309 363 -465 492 -447 370 -946 591 -1479 653 -113 14 -422 18 -536 8z m395 -428 c171 -34 330 -124 456 -258 112 -119 167 -219 211 -378 27 -96 24 -300 -5 -401 -72 -255 -236 -447 -474 -557 -132 -62 -201 -76 -368 -76 -167 0 -236 14 -368 76 -213 98 -373 271 -451 485 -162 444 86 934 547 1084 153 49 292 57 452 25z m909 -232 c222 -123 408 -262 593 -441 76 -74 138 -139 138 -144 0 -16 -233 -242 -330 -319 -155 -123 -309 -223 -461 -299 l-81 -41 32 46 c18 26 49 83 70 128 143 306 141 649 -6 957 -25 52 -61 116 -79 142 l-34 47 45 -20 c26 -10 76 -36 113 -56z m-2057 25 c-40 -58 -105 -190 -130 -263 -110 -324 -59 -707 132 -981 25 -35 42 -64 37 -64 -19 0 -241 119 -326 174 -188 122 -406 314 -532 468 l-58 71 108 103 c185 178 428 349 672 473 66 33 121 60 123 61 2 0 -10 -19 -26 -42z\"\/><path d=\"M2375 1950 c-198 -44 -350 -190 -395 -379 -18 -76 -8 -221 19 -290 114 -284 457 -406 731 -260 98 52 188 154 231 260 27 69 37 214 19 290 -38 163 -166 304 -326 360 -67 23 -215 33 -279 19z\"\/><\/g><\/svg><\/i> <img loading=\"lazy\" decoding=\"async\" width=\"16\" height=\"16\" alt=\"Loading\" src=\"https:\/\/alboradatixtla.com\/wp-content\/plugins\/page-views-count\/ajax-loader-2x.gif\" border=0 \/><\/p>\n<div class=\"pvc_clear\"><\/div>\n<p>Chilpancingo, Gro., 02 de septiembre de 2026.- Con el prop\u00f3sito de mejorar las condiciones en que estudian ni\u00f1as, ni\u00f1os, adolescentes<\/p>\n","protected":false},"author":3,"featured_media":3616,"comment_status":"open","ping_status":"open","sticky":false,"template":"","format":"standard","meta":{"colormag_page_container_layout":"default_layout","colormag_page_sidebar_layout":"default_layout","_monsterinsights_skip_tracking":false,"episode_type":"","audio_file":"","podmotor_file_id":"","podmotor_episode_id":"","cover_image":"","cover_image_id":"","duration":"","filesize":"","filesize_raw":"","date_recorded":"","explicit":"","block":"","footnotes":"","jetpack_publicize_message":"","jetpack_publicize_feature_enabled":true,"jetpack_social_post_already_shared":true,"jetpack_social_options":{"image_generator_settings":{"template":"highway","default_image_id":0,"font":"","enabled":false},"version":2}},"categories":[13],"tags":[],"class_list":["post-3615","post","type-post","status-publish","format-standard","has-post-thumbnail","hentry","category-recientes"],"a3_pvc":{"activated":true,"total_views":4,"today_views":2},"jetpack_publicize_connections":[],"_links":{"self":[{"href":"https:\/\/alboradatixtla.com\/index.php?rest_route=\/wp\/v2\/posts\/3615","targetHints":{"allow":["GET"]}}],"collection":[{"href":"https:\/\/alboradatixtla.com\/index.php?rest_route=\/wp\/v2\/posts"}],"about":[{"href":"https:\/\/alboradatixtla.com\/index.php?rest_route=\/wp\/v2\/types\/post"}],"author":[{"embeddable":true,"href":"https:\/\/alboradatixtla.com\/index.php?rest_route=\/wp\/v2\/users\/3"}],"replies":[{"embeddable":true,"href":"https:\/\/alboradatixtla.com\/index.php?rest_route=%2Fwp%2Fv2%2Fcomments&post=3615"}],"version-history":[{"count":1,"href":"https:\/\/alboradatixtla.com\/index.php?rest_route=\/wp\/v2\/posts\/3615\/revisions"}],"predecessor-version":[{"id":3617,"href":"https:\/\/alboradatixtla.com\/index.php?rest_route=\/wp\/v2\/posts\/3615\/revisions\/3617"}],"wp:featuredmedia":[{"embeddable":true,"href":"https:\/\/alboradatixtla.com\/index.php?rest_route=\/wp\/v2\/media\/3616"}],"wp:attachment":[{"href":"https:\/\/alboradatixtla.com\/index.php?rest_route=%2Fwp%2Fv2%2Fmedia&parent=3615"}],"wp:term":[{"taxonomy":"category","embeddable":true,"href":"https:\/\/alboradatixtla.com\/index.php?rest_route=%2Fwp%2Fv2%2Fcategories&post=3615"},{"taxonomy":"post_tag","embeddable":true,"href":"https:\/\/alboradatixtla.com\/index.php?rest_route=%2Fwp%2Fv2%2Ftags&post=3615"}],"curies":[{"name":"wp","href":"https:\/\/api.w.org\/{rel}","templated":true}]}}