{"id":3596,"date":"2026-09-03T19:43:57","date_gmt":"2026-09-04T01:43:57","guid":{"rendered":"https:\/\/alboradatixtla.com\/?p=3596"},"modified":"2026-09-03T19:43:57","modified_gmt":"2026-09-04T01:43:57","slug":"el-congreso-del-estado-concluyo-este-jueves-las-actividades-del-tianguis-artesanal-del-mes-patrio-2026-impulsado-por-la-comision-de-artesanias-que-preside-la-diputada-claudia-sierra-perez","status":"publish","type":"post","link":"https:\/\/alboradatixtla.com\/?p=3596","title":{"rendered":"El Congreso del Estado concluy\u00f3 este jueves las actividades del Tianguis Artesanal del Mes Patrio 2026, impulsado por la Comisi\u00f3n de Artesan\u00edas que preside la diputada Claudia Sierra P\u00e9rez."},"content":{"rendered":"<div class=\"pvc_clear\"><\/div><p id=\"pvc_stats_3596\" class=\"pvc_stats all  \" data-element-id=\"3596\" style=\"\"><i class=\"pvc-stats-icon medium\" aria-hidden=\"true\"><svg xmlns=\"http:\/\/www.w3.org\/2000\/svg\" version=\"1.0\" viewBox=\"0 0 502 315\" preserveAspectRatio=\"xMidYMid meet\"><g transform=\"translate(0,332) scale(0.1,-0.1)\" fill=\"\" stroke=\"none\"><path d=\"M2394 3279 l-29 -30 -3 -207 c-2 -182 0 -211 15 -242 39 -76 157 -76 196 0 15 31 17 60 15 243 l-3 209 -33 29 c-26 23 -41 29 -80 29 -41 0 -53 -5 -78 -31z\"\/><path d=\"M3085 3251 c-45 -19 -58 -50 -96 -229 -47 -217 -49 -260 -13 -295 52 -53 146 -42 177 20 16 31 87 366 87 410 0 70 -86 122 -155 94z\"\/><path d=\"M1751 3234 c-13 -9 -29 -31 -37 -50 -12 -29 -10 -49 21 -204 19 -94 39 -189 45 -210 14 -50 54 -80 110 -80 34 0 48 6 76 34 21 21 34 44 34 59 0 14 -18 113 -40 219 -37 178 -43 195 -70 221 -36 32 -101 37 -139 11z\"\/><path d=\"M1163 3073 c-36 -7 -73 -59 -73 -102 0 -56 133 -378 171 -413 34 -32 83 -37 129 -13 70 36 67 87 -16 290 -86 209 -89 214 -129 231 -35 14 -42 15 -82 7z\"\/><path d=\"M3689 3066 c-15 -9 -33 -30 -42 -48 -48 -103 -147 -355 -147 -375 0 -98 131 -148 192 -74 13 15 57 108 97 206 80 196 84 226 37 273 -30 30 -99 39 -137 18z\"\/><path d=\"M583 2784 c-38 -19 -67 -74 -58 -113 9 -42 211 -354 242 -373 16 -10 45 -18 66 -18 51 0 107 52 107 100 0 39 -1 41 -124 234 -80 126 -108 162 -133 173 -41 17 -61 16 -100 -3z\"\/><path d=\"M4250 2784 c-14 -9 -74 -91 -133 -183 -95 -150 -107 -173 -107 -213 0 -55 33 -94 87 -104 67 -13 90 8 211 198 130 202 137 225 78 284 -27 27 -42 34 -72 34 -22 0 -50 -8 -64 -16z\"\/><path d=\"M2275 2693 c-553 -48 -1095 -270 -1585 -649 -135 -104 -459 -423 -483 -476 -23 -49 -22 -139 2 -186 73 -142 361 -457 571 -626 285 -228 642 -407 990 -497 242 -63 336 -73 660 -74 310 0 370 5 595 52 535 111 1045 392 1455 803 122 121 250 273 275 326 19 41 19 137 0 174 -41 79 -309 363 -465 492 -447 370 -946 591 -1479 653 -113 14 -422 18 -536 8z m395 -428 c171 -34 330 -124 456 -258 112 -119 167 -219 211 -378 27 -96 24 -300 -5 -401 -72 -255 -236 -447 -474 -557 -132 -62 -201 -76 -368 -76 -167 0 -236 14 -368 76 -213 98 -373 271 -451 485 -162 444 86 934 547 1084 153 49 292 57 452 25z m909 -232 c222 -123 408 -262 593 -441 76 -74 138 -139 138 -144 0 -16 -233 -242 -330 -319 -155 -123 -309 -223 -461 -299 l-81 -41 32 46 c18 26 49 83 70 128 143 306 141 649 -6 957 -25 52 -61 116 -79 142 l-34 47 45 -20 c26 -10 76 -36 113 -56z m-2057 25 c-40 -58 -105 -190 -130 -263 -110 -324 -59 -707 132 -981 25 -35 42 -64 37 -64 -19 0 -241 119 -326 174 -188 122 -406 314 -532 468 l-58 71 108 103 c185 178 428 349 672 473 66 33 121 60 123 61 2 0 -10 -19 -26 -42z\"\/><path d=\"M2375 1950 c-198 -44 -350 -190 -395 -379 -18 -76 -8 -221 19 -290 114 -284 457 -406 731 -260 98 52 188 154 231 260 27 69 37 214 19 290 -38 163 -166 304 -326 360 -67 23 -215 33 -279 19z\"\/><\/g><\/svg><\/i> <img loading=\"lazy\" decoding=\"async\" width=\"16\" height=\"16\" alt=\"Loading\" src=\"https:\/\/alboradatixtla.com\/wp-content\/plugins\/page-views-count\/ajax-loader-2x.gif\" border=0 \/><\/p><div class=\"pvc_clear\"><\/div>\n<p>El Congreso del Estado concluy\u00f3 este jueves las actividades del Tianguis Artesanal del Mes Patrio 2026, impulsado por la Comisi\u00f3n de Artesan\u00edas que preside la diputada Claudia Sierra P\u00e9rez.Durante el acto de clausura, el diputado Joaqu\u00edn Badillo escamilla, presidente de la Junta de Coordinaci\u00f3n Pol\u00edtica; la diputada Erika Isabel Guill\u00e9n Rom\u00e1n, presidenta de la Mesa Directiva y la diputada Claudia Sierra, refrendaron su compromiso de mantener al Poder Legislativo como un espacio de puertas abiertas que respalda de forma permanente al sector artesanal.<\/p>\n\n\n\n<figure class=\"wp-block-gallery has-nested-images columns-default is-cropped wp-block-gallery-1 is-layout-flex wp-block-gallery-is-layout-flex\">\n<figure class=\"wp-block-image size-large\"><img loading=\"lazy\" decoding=\"async\" width=\"1024\" height=\"682\" data-id=\"3598\" src=\"https:\/\/alboradatixtla.com\/wp-content\/uploads\/2026\/09\/WhatsApp-Image-2026-09-03-at-5.05.52-PM-copia-1024x682.jpeg\" alt=\"\" class=\"wp-image-3598\" srcset=\"https:\/\/alboradatixtla.com\/wp-content\/uploads\/2026\/09\/WhatsApp-Image-2026-09-03-at-5.05.52-PM-copia-1024x682.jpeg 1024w, https:\/\/alboradatixtla.com\/wp-content\/uploads\/2026\/09\/WhatsApp-Image-2026-09-03-at-5.05.52-PM-copia-300x200.jpeg 300w, https:\/\/alboradatixtla.com\/wp-content\/uploads\/2026\/09\/WhatsApp-Image-2026-09-03-at-5.05.52-PM-copia-768x512.jpeg 768w, https:\/\/alboradatixtla.com\/wp-content\/uploads\/2026\/09\/WhatsApp-Image-2026-09-03-at-5.05.52-PM-copia.jpeg 1280w\" sizes=\"auto, (max-width: 1024px) 100vw, 1024px\" \/><\/figure>\n\n\n\n<figure class=\"wp-block-image size-large\"><img loading=\"lazy\" decoding=\"async\" width=\"1024\" height=\"682\" data-id=\"3599\" src=\"https:\/\/alboradatixtla.com\/wp-content\/uploads\/2026\/09\/WhatsApp-Image-2026-09-03-at-5.05.50-PM-copia-1024x682.jpeg\" alt=\"\" class=\"wp-image-3599\" srcset=\"https:\/\/alboradatixtla.com\/wp-content\/uploads\/2026\/09\/WhatsApp-Image-2026-09-03-at-5.05.50-PM-copia-1024x682.jpeg 1024w, https:\/\/alboradatixtla.com\/wp-content\/uploads\/2026\/09\/WhatsApp-Image-2026-09-03-at-5.05.50-PM-copia-300x200.jpeg 300w, https:\/\/alboradatixtla.com\/wp-content\/uploads\/2026\/09\/WhatsApp-Image-2026-09-03-at-5.05.50-PM-copia-768x512.jpeg 768w, https:\/\/alboradatixtla.com\/wp-content\/uploads\/2026\/09\/WhatsApp-Image-2026-09-03-at-5.05.50-PM-copia.jpeg 1280w\" sizes=\"auto, (max-width: 1024px) 100vw, 1024px\" \/><\/figure>\n\n\n\n<figure class=\"wp-block-image size-large\"><img loading=\"lazy\" decoding=\"async\" width=\"1024\" height=\"682\" data-id=\"3601\" src=\"https:\/\/alboradatixtla.com\/wp-content\/uploads\/2026\/09\/WhatsApp-Image-2026-09-03-at-5.05.48-PM-copia-1024x682.jpeg\" alt=\"\" class=\"wp-image-3601\" srcset=\"https:\/\/alboradatixtla.com\/wp-content\/uploads\/2026\/09\/WhatsApp-Image-2026-09-03-at-5.05.48-PM-copia-1024x682.jpeg 1024w, https:\/\/alboradatixtla.com\/wp-content\/uploads\/2026\/09\/WhatsApp-Image-2026-09-03-at-5.05.48-PM-copia-300x200.jpeg 300w, https:\/\/alboradatixtla.com\/wp-content\/uploads\/2026\/09\/WhatsApp-Image-2026-09-03-at-5.05.48-PM-copia-768x512.jpeg 768w, https:\/\/alboradatixtla.com\/wp-content\/uploads\/2026\/09\/WhatsApp-Image-2026-09-03-at-5.05.48-PM-copia.jpeg 1280w\" sizes=\"auto, (max-width: 1024px) 100vw, 1024px\" \/><\/figure>\n\n\n\n<figure class=\"wp-block-image size-large\"><img loading=\"lazy\" decoding=\"async\" width=\"1024\" height=\"682\" data-id=\"3600\" src=\"https:\/\/alboradatixtla.com\/wp-content\/uploads\/2026\/09\/WhatsApp-Image-2026-09-03-at-5.05.44-PM-copia-1024x682.jpeg\" alt=\"\" class=\"wp-image-3600\" srcset=\"https:\/\/alboradatixtla.com\/wp-content\/uploads\/2026\/09\/WhatsApp-Image-2026-09-03-at-5.05.44-PM-copia-1024x682.jpeg 1024w, https:\/\/alboradatixtla.com\/wp-content\/uploads\/2026\/09\/WhatsApp-Image-2026-09-03-at-5.05.44-PM-copia-300x200.jpeg 300w, https:\/\/alboradatixtla.com\/wp-content\/uploads\/2026\/09\/WhatsApp-Image-2026-09-03-at-5.05.44-PM-copia-768x512.jpeg 768w, https:\/\/alboradatixtla.com\/wp-content\/uploads\/2026\/09\/WhatsApp-Image-2026-09-03-at-5.05.44-PM-copia.jpeg 1280w\" sizes=\"auto, (max-width: 1024px) 100vw, 1024px\" \/><\/figure>\n<\/figure>\n\n\n\n<p>En ese sentido, acordaron trabajar en una agenda calendarizada que brinde certeza, difusi\u00f3n y condiciones \u00f3ptimas para que sus productos no s\u00f3lo se expongan de manera eventual, sino que se aseguren mayores oportunidades de venta y canales de comercializaci\u00f3n que mejoren el sustento de sus hogares.Asimismo, agradecieron la destacada participaci\u00f3n de los m\u00e1s de 30 artesanas y artesanos de las distintas regiones de la entidad que se dieron cita en la Explanada \u201cCentenario de la Revoluci\u00f3n\u201d, a quienes se les otorg\u00f3 un reconocimiento por su participaci\u00f3n en este importante evento que enaltece el patrimonio cultural de Guerrero.Estuvieron presentes tambi\u00e9n el diputado P\u00e1nfilo S\u00e1nchez Almaz\u00e1n y el representante de la Secretar\u00eda de Fomento y Desarrollo Econ\u00f3mico del Gobierno del Estado, Osvaldo D\u00edaz Almaz\u00e1n.<\/p>\n\n\n\n<figure class=\"wp-block-gallery has-nested-images columns-default is-cropped wp-block-gallery-2 is-layout-flex wp-block-gallery-is-layout-flex\">\n<figure class=\"wp-block-image size-large\"><img loading=\"lazy\" decoding=\"async\" width=\"1024\" height=\"682\" data-id=\"3602\" src=\"https:\/\/alboradatixtla.com\/wp-content\/uploads\/2026\/09\/WhatsApp-Image-2026-09-03-at-5.05.50-PM-1-1024x682.jpeg\" alt=\"\" class=\"wp-image-3602\" srcset=\"https:\/\/alboradatixtla.com\/wp-content\/uploads\/2026\/09\/WhatsApp-Image-2026-09-03-at-5.05.50-PM-1-1024x682.jpeg 1024w, https:\/\/alboradatixtla.com\/wp-content\/uploads\/2026\/09\/WhatsApp-Image-2026-09-03-at-5.05.50-PM-1-300x200.jpeg 300w, https:\/\/alboradatixtla.com\/wp-content\/uploads\/2026\/09\/WhatsApp-Image-2026-09-03-at-5.05.50-PM-1-768x512.jpeg 768w, https:\/\/alboradatixtla.com\/wp-content\/uploads\/2026\/09\/WhatsApp-Image-2026-09-03-at-5.05.50-PM-1.jpeg 1280w\" sizes=\"auto, (max-width: 1024px) 100vw, 1024px\" \/><\/figure>\n\n\n\n<figure class=\"wp-block-image size-large\"><img loading=\"lazy\" decoding=\"async\" width=\"1024\" height=\"682\" data-id=\"3603\" src=\"https:\/\/alboradatixtla.com\/wp-content\/uploads\/2026\/09\/WhatsApp-Image-2026-09-03-at-5.05.49-PM-1024x682.jpeg\" alt=\"\" class=\"wp-image-3603\" srcset=\"https:\/\/alboradatixtla.com\/wp-content\/uploads\/2026\/09\/WhatsApp-Image-2026-09-03-at-5.05.49-PM-1024x682.jpeg 1024w, https:\/\/alboradatixtla.com\/wp-content\/uploads\/2026\/09\/WhatsApp-Image-2026-09-03-at-5.05.49-PM-300x200.jpeg 300w, https:\/\/alboradatixtla.com\/wp-content\/uploads\/2026\/09\/WhatsApp-Image-2026-09-03-at-5.05.49-PM-768x512.jpeg 768w, https:\/\/alboradatixtla.com\/wp-content\/uploads\/2026\/09\/WhatsApp-Image-2026-09-03-at-5.05.49-PM.jpeg 1280w\" sizes=\"auto, (max-width: 1024px) 100vw, 1024px\" \/><\/figure>\n\n\n\n<figure class=\"wp-block-image size-large\"><img loading=\"lazy\" decoding=\"async\" width=\"1024\" height=\"682\" data-id=\"3604\" src=\"https:\/\/alboradatixtla.com\/wp-content\/uploads\/2026\/09\/WhatsApp-Image-2026-09-03-at-5.05.48-PM-copia-1-1024x682.jpeg\" alt=\"\" class=\"wp-image-3604\" srcset=\"https:\/\/alboradatixtla.com\/wp-content\/uploads\/2026\/09\/WhatsApp-Image-2026-09-03-at-5.05.48-PM-copia-1-1024x682.jpeg 1024w, https:\/\/alboradatixtla.com\/wp-content\/uploads\/2026\/09\/WhatsApp-Image-2026-09-03-at-5.05.48-PM-copia-1-300x200.jpeg 300w, https:\/\/alboradatixtla.com\/wp-content\/uploads\/2026\/09\/WhatsApp-Image-2026-09-03-at-5.05.48-PM-copia-1-768x512.jpeg 768w, https:\/\/alboradatixtla.com\/wp-content\/uploads\/2026\/09\/WhatsApp-Image-2026-09-03-at-5.05.48-PM-copia-1.jpeg 1280w\" sizes=\"auto, (max-width: 1024px) 100vw, 1024px\" \/><\/figure>\n\n\n\n<figure class=\"wp-block-image size-large\"><img loading=\"lazy\" decoding=\"async\" width=\"1024\" height=\"682\" data-id=\"3606\" src=\"https:\/\/alboradatixtla.com\/wp-content\/uploads\/2026\/09\/WhatsApp-Image-2026-09-03-at-5.05.47-PM-1024x682.jpeg\" alt=\"\" class=\"wp-image-3606\" srcset=\"https:\/\/alboradatixtla.com\/wp-content\/uploads\/2026\/09\/WhatsApp-Image-2026-09-03-at-5.05.47-PM-1024x682.jpeg 1024w, https:\/\/alboradatixtla.com\/wp-content\/uploads\/2026\/09\/WhatsApp-Image-2026-09-03-at-5.05.47-PM-300x200.jpeg 300w, https:\/\/alboradatixtla.com\/wp-content\/uploads\/2026\/09\/WhatsApp-Image-2026-09-03-at-5.05.47-PM-768x512.jpeg 768w, https:\/\/alboradatixtla.com\/wp-content\/uploads\/2026\/09\/WhatsApp-Image-2026-09-03-at-5.05.47-PM.jpeg 1280w\" sizes=\"auto, (max-width: 1024px) 100vw, 1024px\" \/><\/figure>\n\n\n\n<figure class=\"wp-block-image size-large\"><img loading=\"lazy\" decoding=\"async\" width=\"1024\" height=\"682\" data-id=\"3605\" src=\"https:\/\/alboradatixtla.com\/wp-content\/uploads\/2026\/09\/WhatsApp-Image-2026-09-03-at-5.05.46-PM-1024x682.jpeg\" alt=\"\" class=\"wp-image-3605\" srcset=\"https:\/\/alboradatixtla.com\/wp-content\/uploads\/2026\/09\/WhatsApp-Image-2026-09-03-at-5.05.46-PM-1024x682.jpeg 1024w, https:\/\/alboradatixtla.com\/wp-content\/uploads\/2026\/09\/WhatsApp-Image-2026-09-03-at-5.05.46-PM-300x200.jpeg 300w, https:\/\/alboradatixtla.com\/wp-content\/uploads\/2026\/09\/WhatsApp-Image-2026-09-03-at-5.05.46-PM-768x512.jpeg 768w, https:\/\/alboradatixtla.com\/wp-content\/uploads\/2026\/09\/WhatsApp-Image-2026-09-03-at-5.05.46-PM.jpeg 1280w\" sizes=\"auto, (max-width: 1024px) 100vw, 1024px\" \/><\/figure>\n\n\n\n<figure class=\"wp-block-image size-large\"><img loading=\"lazy\" decoding=\"async\" width=\"1024\" height=\"682\" data-id=\"3607\" src=\"https:\/\/alboradatixtla.com\/wp-content\/uploads\/2026\/09\/WhatsApp-Image-2026-09-03-at-5.05.44-PM-copia-1-1024x682.jpeg\" alt=\"\" class=\"wp-image-3607\" srcset=\"https:\/\/alboradatixtla.com\/wp-content\/uploads\/2026\/09\/WhatsApp-Image-2026-09-03-at-5.05.44-PM-copia-1-1024x682.jpeg 1024w, https:\/\/alboradatixtla.com\/wp-content\/uploads\/2026\/09\/WhatsApp-Image-2026-09-03-at-5.05.44-PM-copia-1-300x200.jpeg 300w, https:\/\/alboradatixtla.com\/wp-content\/uploads\/2026\/09\/WhatsApp-Image-2026-09-03-at-5.05.44-PM-copia-1-768x512.jpeg 768w, https:\/\/alboradatixtla.com\/wp-content\/uploads\/2026\/09\/WhatsApp-Image-2026-09-03-at-5.05.44-PM-copia-1.jpeg 1280w\" sizes=\"auto, (max-width: 1024px) 100vw, 1024px\" \/><\/figure>\n<\/figure>\n","protected":false},"excerpt":{"rendered":"<div class=\"pvc_clear\"><\/div>\n<p id=\"pvc_stats_3596\" class=\"pvc_stats all  \" data-element-id=\"3596\" style=\"\"><i class=\"pvc-stats-icon medium\" aria-hidden=\"true\"><svg xmlns=\"http:\/\/www.w3.org\/2000\/svg\" version=\"1.0\" viewBox=\"0 0 502 315\" preserveAspectRatio=\"xMidYMid meet\"><g transform=\"translate(0,332) scale(0.1,-0.1)\" fill=\"\" stroke=\"none\"><path d=\"M2394 3279 l-29 -30 -3 -207 c-2 -182 0 -211 15 -242 39 -76 157 -76 196 0 15 31 17 60 15 243 l-3 209 -33 29 c-26 23 -41 29 -80 29 -41 0 -53 -5 -78 -31z\"\/><path d=\"M3085 3251 c-45 -19 -58 -50 -96 -229 -47 -217 -49 -260 -13 -295 52 -53 146 -42 177 20 16 31 87 366 87 410 0 70 -86 122 -155 94z\"\/><path d=\"M1751 3234 c-13 -9 -29 -31 -37 -50 -12 -29 -10 -49 21 -204 19 -94 39 -189 45 -210 14 -50 54 -80 110 -80 34 0 48 6 76 34 21 21 34 44 34 59 0 14 -18 113 -40 219 -37 178 -43 195 -70 221 -36 32 -101 37 -139 11z\"\/><path d=\"M1163 3073 c-36 -7 -73 -59 -73 -102 0 -56 133 -378 171 -413 34 -32 83 -37 129 -13 70 36 67 87 -16 290 -86 209 -89 214 -129 231 -35 14 -42 15 -82 7z\"\/><path d=\"M3689 3066 c-15 -9 -33 -30 -42 -48 -48 -103 -147 -355 -147 -375 0 -98 131 -148 192 -74 13 15 57 108 97 206 80 196 84 226 37 273 -30 30 -99 39 -137 18z\"\/><path d=\"M583 2784 c-38 -19 -67 -74 -58 -113 9 -42 211 -354 242 -373 16 -10 45 -18 66 -18 51 0 107 52 107 100 0 39 -1 41 -124 234 -80 126 -108 162 -133 173 -41 17 -61 16 -100 -3z\"\/><path d=\"M4250 2784 c-14 -9 -74 -91 -133 -183 -95 -150 -107 -173 -107 -213 0 -55 33 -94 87 -104 67 -13 90 8 211 198 130 202 137 225 78 284 -27 27 -42 34 -72 34 -22 0 -50 -8 -64 -16z\"\/><path d=\"M2275 2693 c-553 -48 -1095 -270 -1585 -649 -135 -104 -459 -423 -483 -476 -23 -49 -22 -139 2 -186 73 -142 361 -457 571 -626 285 -228 642 -407 990 -497 242 -63 336 -73 660 -74 310 0 370 5 595 52 535 111 1045 392 1455 803 122 121 250 273 275 326 19 41 19 137 0 174 -41 79 -309 363 -465 492 -447 370 -946 591 -1479 653 -113 14 -422 18 -536 8z m395 -428 c171 -34 330 -124 456 -258 112 -119 167 -219 211 -378 27 -96 24 -300 -5 -401 -72 -255 -236 -447 -474 -557 -132 -62 -201 -76 -368 -76 -167 0 -236 14 -368 76 -213 98 -373 271 -451 485 -162 444 86 934 547 1084 153 49 292 57 452 25z m909 -232 c222 -123 408 -262 593 -441 76 -74 138 -139 138 -144 0 -16 -233 -242 -330 -319 -155 -123 -309 -223 -461 -299 l-81 -41 32 46 c18 26 49 83 70 128 143 306 141 649 -6 957 -25 52 -61 116 -79 142 l-34 47 45 -20 c26 -10 76 -36 113 -56z m-2057 25 c-40 -58 -105 -190 -130 -263 -110 -324 -59 -707 132 -981 25 -35 42 -64 37 -64 -19 0 -241 119 -326 174 -188 122 -406 314 -532 468 l-58 71 108 103 c185 178 428 349 672 473 66 33 121 60 123 61 2 0 -10 -19 -26 -42z\"\/><path d=\"M2375 1950 c-198 -44 -350 -190 -395 -379 -18 -76 -8 -221 19 -290 114 -284 457 -406 731 -260 98 52 188 154 231 260 27 69 37 214 19 290 -38 163 -166 304 -326 360 -67 23 -215 33 -279 19z\"\/><\/g><\/svg><\/i> <img loading=\"lazy\" decoding=\"async\" width=\"16\" height=\"16\" alt=\"Loading\" src=\"https:\/\/alboradatixtla.com\/wp-content\/plugins\/page-views-count\/ajax-loader-2x.gif\" border=0 \/><\/p>\n<div class=\"pvc_clear\"><\/div>\n<p>El Congreso del Estado concluy\u00f3 este jueves las actividades del Tianguis Artesanal del Mes Patrio 2026, impulsado por la Comisi\u00f3n<\/p>\n","protected":false},"author":3,"featured_media":3597,"comment_status":"open","ping_status":"open","sticky":false,"template":"","format":"standard","meta":{"colormag_page_container_layout":"default_layout","colormag_page_sidebar_layout":"default_layout","_monsterinsights_skip_tracking":false,"episode_type":"","audio_file":"","podmotor_file_id":"","podmotor_episode_id":"","cover_image":"","cover_image_id":"","duration":"","filesize":"","filesize_raw":"","date_recorded":"","explicit":"","block":"","footnotes":"","jetpack_publicize_message":"","jetpack_publicize_feature_enabled":true,"jetpack_social_post_already_shared":true,"jetpack_social_options":{"image_generator_settings":{"template":"highway","default_image_id":0,"font":"","enabled":false},"version":2}},"categories":[36,20,28],"tags":[],"class_list":["post-3596","post","type-post","status-publish","format-standard","has-post-thumbnail","hentry","category-chilpancingo","category-congreso","category-economia"],"a3_pvc":{"activated":true,"total_views":1,"today_views":0},"jetpack_publicize_connections":[],"_links":{"self":[{"href":"https:\/\/alboradatixtla.com\/index.php?rest_route=\/wp\/v2\/posts\/3596","targetHints":{"allow":["GET"]}}],"collection":[{"href":"https:\/\/alboradatixtla.com\/index.php?rest_route=\/wp\/v2\/posts"}],"about":[{"href":"https:\/\/alboradatixtla.com\/index.php?rest_route=\/wp\/v2\/types\/post"}],"author":[{"embeddable":true,"href":"https:\/\/alboradatixtla.com\/index.php?rest_route=\/wp\/v2\/users\/3"}],"replies":[{"embeddable":true,"href":"https:\/\/alboradatixtla.com\/index.php?rest_route=%2Fwp%2Fv2%2Fcomments&post=3596"}],"version-history":[{"count":1,"href":"https:\/\/alboradatixtla.com\/index.php?rest_route=\/wp\/v2\/posts\/3596\/revisions"}],"predecessor-version":[{"id":3608,"href":"https:\/\/alboradatixtla.com\/index.php?rest_route=\/wp\/v2\/posts\/3596\/revisions\/3608"}],"wp:featuredmedia":[{"embeddable":true,"href":"https:\/\/alboradatixtla.com\/index.php?rest_route=\/wp\/v2\/media\/3597"}],"wp:attachment":[{"href":"https:\/\/alboradatixtla.com\/index.php?rest_route=%2Fwp%2Fv2%2Fmedia&parent=3596"}],"wp:term":[{"taxonomy":"category","embeddable":true,"href":"https:\/\/alboradatixtla.com\/index.php?rest_route=%2Fwp%2Fv2%2Fcategories&post=3596"},{"taxonomy":"post_tag","embeddable":true,"href":"https:\/\/alboradatixtla.com\/index.php?rest_route=%2Fwp%2Fv2%2Ftags&post=3596"}],"curies":[{"name":"wp","href":"https:\/\/api.w.org\/{rel}","templated":true}]}}