{"id":3581,"date":"2026-09-03T19:30:46","date_gmt":"2026-09-04T01:30:46","guid":{"rendered":"https:\/\/alboradatixtla.com\/?p=3581"},"modified":"2026-09-03T19:30:46","modified_gmt":"2026-09-04T01:30:46","slug":"inaugura-la-gobernadora-en-juan-r-escudero-rehabilitacion-de-sistema-de-agua-con-inversion-estatal-de-15-7-mdp","status":"publish","type":"post","link":"https:\/\/alboradatixtla.com\/?p=3581","title":{"rendered":"Inaugura la gobernadora en Juan R. Escudero rehabilitaci\u00f3n de sistema de agua con inversi\u00f3n estatal de 15.7 MDP"},"content":{"rendered":"<div class=\"pvc_clear\"><\/div><p id=\"pvc_stats_3581\" class=\"pvc_stats all  \" data-element-id=\"3581\" style=\"\"><i class=\"pvc-stats-icon medium\" aria-hidden=\"true\"><svg xmlns=\"http:\/\/www.w3.org\/2000\/svg\" version=\"1.0\" viewBox=\"0 0 502 315\" preserveAspectRatio=\"xMidYMid meet\"><g transform=\"translate(0,332) scale(0.1,-0.1)\" fill=\"\" stroke=\"none\"><path d=\"M2394 3279 l-29 -30 -3 -207 c-2 -182 0 -211 15 -242 39 -76 157 -76 196 0 15 31 17 60 15 243 l-3 209 -33 29 c-26 23 -41 29 -80 29 -41 0 -53 -5 -78 -31z\"\/><path d=\"M3085 3251 c-45 -19 -58 -50 -96 -229 -47 -217 -49 -260 -13 -295 52 -53 146 -42 177 20 16 31 87 366 87 410 0 70 -86 122 -155 94z\"\/><path d=\"M1751 3234 c-13 -9 -29 -31 -37 -50 -12 -29 -10 -49 21 -204 19 -94 39 -189 45 -210 14 -50 54 -80 110 -80 34 0 48 6 76 34 21 21 34 44 34 59 0 14 -18 113 -40 219 -37 178 -43 195 -70 221 -36 32 -101 37 -139 11z\"\/><path d=\"M1163 3073 c-36 -7 -73 -59 -73 -102 0 -56 133 -378 171 -413 34 -32 83 -37 129 -13 70 36 67 87 -16 290 -86 209 -89 214 -129 231 -35 14 -42 15 -82 7z\"\/><path d=\"M3689 3066 c-15 -9 -33 -30 -42 -48 -48 -103 -147 -355 -147 -375 0 -98 131 -148 192 -74 13 15 57 108 97 206 80 196 84 226 37 273 -30 30 -99 39 -137 18z\"\/><path d=\"M583 2784 c-38 -19 -67 -74 -58 -113 9 -42 211 -354 242 -373 16 -10 45 -18 66 -18 51 0 107 52 107 100 0 39 -1 41 -124 234 -80 126 -108 162 -133 173 -41 17 -61 16 -100 -3z\"\/><path d=\"M4250 2784 c-14 -9 -74 -91 -133 -183 -95 -150 -107 -173 -107 -213 0 -55 33 -94 87 -104 67 -13 90 8 211 198 130 202 137 225 78 284 -27 27 -42 34 -72 34 -22 0 -50 -8 -64 -16z\"\/><path d=\"M2275 2693 c-553 -48 -1095 -270 -1585 -649 -135 -104 -459 -423 -483 -476 -23 -49 -22 -139 2 -186 73 -142 361 -457 571 -626 285 -228 642 -407 990 -497 242 -63 336 -73 660 -74 310 0 370 5 595 52 535 111 1045 392 1455 803 122 121 250 273 275 326 19 41 19 137 0 174 -41 79 -309 363 -465 492 -447 370 -946 591 -1479 653 -113 14 -422 18 -536 8z m395 -428 c171 -34 330 -124 456 -258 112 -119 167 -219 211 -378 27 -96 24 -300 -5 -401 -72 -255 -236 -447 -474 -557 -132 -62 -201 -76 -368 -76 -167 0 -236 14 -368 76 -213 98 -373 271 -451 485 -162 444 86 934 547 1084 153 49 292 57 452 25z m909 -232 c222 -123 408 -262 593 -441 76 -74 138 -139 138 -144 0 -16 -233 -242 -330 -319 -155 -123 -309 -223 -461 -299 l-81 -41 32 46 c18 26 49 83 70 128 143 306 141 649 -6 957 -25 52 -61 116 -79 142 l-34 47 45 -20 c26 -10 76 -36 113 -56z m-2057 25 c-40 -58 -105 -190 -130 -263 -110 -324 -59 -707 132 -981 25 -35 42 -64 37 -64 -19 0 -241 119 -326 174 -188 122 -406 314 -532 468 l-58 71 108 103 c185 178 428 349 672 473 66 33 121 60 123 61 2 0 -10 -19 -26 -42z\"\/><path d=\"M2375 1950 c-198 -44 -350 -190 -395 -379 -18 -76 -8 -221 19 -290 114 -284 457 -406 731 -260 98 52 188 154 231 260 27 69 37 214 19 290 -38 163 -166 304 -326 360 -67 23 -215 33 -279 19z\"\/><\/g><\/svg><\/i> <img loading=\"lazy\" decoding=\"async\" width=\"16\" height=\"16\" alt=\"Loading\" src=\"https:\/\/alboradatixtla.com\/wp-content\/plugins\/page-views-count\/ajax-loader-2x.gif\" border=0 \/><\/p><div class=\"pvc_clear\"><\/div>\n<p><\/p>\n\n\n\n<p>Juan R. Escudero, Gro., 3 de septiembre de 2026.\u2014 Con una inversi\u00f3n superior a los 70 millones de pesos en infraestructura carretera, educaci\u00f3n, salud, caminos y agua potable, el Gobierno de Guerrero transforma las condiciones de bienestar de las familias de Juan R. Escudero, afirm\u00f3 la gobernadora Evelyn Salgado Pineda al inaugurar la rehabilitaci\u00f3n del sistema de abasto de agua potable de Tierra Colorada.<\/p>\n\n\n\n<p>La gobernadora entreg\u00f3 esta obra con una inversi\u00f3n estatal de 15.74 millones de pesos, beneficiando a m\u00e1s de 9 mil 800 habitantes, la cual permitir\u00e1 incrementar en 50 por ciento la cantidad de agua captada y suministrada a la cabecera municipal, mejorando una infraestructura que durante m\u00e1s de 40 a\u00f1os present\u00f3 deficiencias.<\/p>\n\n\n\n<p>\u201cSon obras que el pueblo pide y nosotros obedecemos y cumplimos realizando esas obras. Estos son los resultados de administrar los recursos p\u00fablicos con honestidad y responsabilidad. Las obras se tienen que hacer con buenos materiales y que duren para muchos a\u00f1os\u201d, afirm\u00f3 la gobernadora.<\/p>\n\n\n\n<p>El titular de la Comisi\u00f3n de Agua Potable, Alcantarillado y Saneamiento del Estado de Guerrero (CAPASEG), Facundo Gast\u00e9lum F\u00e9lix, explic\u00f3 que los trabajos incluyeron la sustituci\u00f3n de equipo hidr\u00e1ulico, lo que permitir\u00e1 elevar el abasto y alcanzar actualmente una cobertura cercana al 90 por ciento.<\/p>\n\n\n\n<p>Agreg\u00f3 que este a\u00f1o el gobierno del estado destinar\u00e1 los recursos necesarios para avanzar hacia una cobertura del 100 por ciento, mediante la construcci\u00f3n de una nueva l\u00ednea de conducci\u00f3n desde la comunidad de Garrapatas hasta la colonia Jard\u00edn, con una inversi\u00f3n superior a un mill\u00f3n de pesos.<\/p>\n\n\n\n<p>La mandataria estatal destac\u00f3 que se busca una soluci\u00f3n integral y de largo plazo que permita atender la demanda actual y responder al crecimiento de la cabecera municipal.&nbsp;<\/p>\n\n\n\n<p>Evelyn Salgado dijo que durante el periodo 2021-2026, el gobierno de Guerrero ha invertido cerca de 17 millones de pesos en diez escuelas de Juan R. Escudero, con trabajos de rehabilitaci\u00f3n de aulas, sanitarios y otros espacios educativos en beneficio de m\u00e1s de 2 mil estudiantes.<\/p>\n\n\n\n<p>En infraestructura urbana, espacios deportivos y caminos se han destinado m\u00e1s de 38 millones de pesos para pavimentaciones, techumbres comunitarias, unidades deportivas y rehabilitaci\u00f3n de caminos rurales.<\/p>\n\n\n\n<figure class=\"wp-block-gallery has-nested-images columns-default is-cropped wp-block-gallery-1 is-layout-flex wp-block-gallery-is-layout-flex\">\n<figure class=\"wp-block-image size-large\"><img loading=\"lazy\" decoding=\"async\" width=\"1024\" height=\"682\" data-id=\"3583\" src=\"https:\/\/alboradatixtla.com\/wp-content\/uploads\/2026\/09\/WhatsApp-Image-2026-09-03-at-7.13.00-PM-1024x682.jpeg\" alt=\"\" class=\"wp-image-3583\" srcset=\"https:\/\/alboradatixtla.com\/wp-content\/uploads\/2026\/09\/WhatsApp-Image-2026-09-03-at-7.13.00-PM-1024x682.jpeg 1024w, https:\/\/alboradatixtla.com\/wp-content\/uploads\/2026\/09\/WhatsApp-Image-2026-09-03-at-7.13.00-PM-300x200.jpeg 300w, https:\/\/alboradatixtla.com\/wp-content\/uploads\/2026\/09\/WhatsApp-Image-2026-09-03-at-7.13.00-PM-768x512.jpeg 768w, https:\/\/alboradatixtla.com\/wp-content\/uploads\/2026\/09\/WhatsApp-Image-2026-09-03-at-7.13.00-PM.jpeg 1280w\" sizes=\"auto, (max-width: 1024px) 100vw, 1024px\" \/><\/figure>\n\n\n\n<figure class=\"wp-block-image size-large\"><img loading=\"lazy\" decoding=\"async\" width=\"1024\" height=\"682\" data-id=\"3584\" src=\"https:\/\/alboradatixtla.com\/wp-content\/uploads\/2026\/09\/WhatsApp-Image-2026-09-03-at-7.12.59-PM-1024x682.jpeg\" alt=\"\" class=\"wp-image-3584\" srcset=\"https:\/\/alboradatixtla.com\/wp-content\/uploads\/2026\/09\/WhatsApp-Image-2026-09-03-at-7.12.59-PM-1024x682.jpeg 1024w, https:\/\/alboradatixtla.com\/wp-content\/uploads\/2026\/09\/WhatsApp-Image-2026-09-03-at-7.12.59-PM-300x200.jpeg 300w, https:\/\/alboradatixtla.com\/wp-content\/uploads\/2026\/09\/WhatsApp-Image-2026-09-03-at-7.12.59-PM-768x512.jpeg 768w, https:\/\/alboradatixtla.com\/wp-content\/uploads\/2026\/09\/WhatsApp-Image-2026-09-03-at-7.12.59-PM.jpeg 1280w\" sizes=\"auto, (max-width: 1024px) 100vw, 1024px\" \/><\/figure>\n\n\n\n<figure class=\"wp-block-image size-large\"><img loading=\"lazy\" decoding=\"async\" width=\"1024\" height=\"682\" data-id=\"3586\" src=\"https:\/\/alboradatixtla.com\/wp-content\/uploads\/2026\/09\/WhatsApp-Image-2026-09-03-at-7.12.59-PM-2-1024x682.jpeg\" alt=\"\" class=\"wp-image-3586\" srcset=\"https:\/\/alboradatixtla.com\/wp-content\/uploads\/2026\/09\/WhatsApp-Image-2026-09-03-at-7.12.59-PM-2-1024x682.jpeg 1024w, https:\/\/alboradatixtla.com\/wp-content\/uploads\/2026\/09\/WhatsApp-Image-2026-09-03-at-7.12.59-PM-2-300x200.jpeg 300w, https:\/\/alboradatixtla.com\/wp-content\/uploads\/2026\/09\/WhatsApp-Image-2026-09-03-at-7.12.59-PM-2-768x512.jpeg 768w, https:\/\/alboradatixtla.com\/wp-content\/uploads\/2026\/09\/WhatsApp-Image-2026-09-03-at-7.12.59-PM-2.jpeg 1280w\" sizes=\"auto, (max-width: 1024px) 100vw, 1024px\" \/><\/figure>\n\n\n\n<figure class=\"wp-block-image size-large\"><img loading=\"lazy\" decoding=\"async\" width=\"1024\" height=\"682\" data-id=\"3588\" src=\"https:\/\/alboradatixtla.com\/wp-content\/uploads\/2026\/09\/WhatsApp-Image-2026-09-03-at-7.12.59-PM-1-1024x682.jpeg\" alt=\"\" class=\"wp-image-3588\" srcset=\"https:\/\/alboradatixtla.com\/wp-content\/uploads\/2026\/09\/WhatsApp-Image-2026-09-03-at-7.12.59-PM-1-1024x682.jpeg 1024w, https:\/\/alboradatixtla.com\/wp-content\/uploads\/2026\/09\/WhatsApp-Image-2026-09-03-at-7.12.59-PM-1-300x200.jpeg 300w, https:\/\/alboradatixtla.com\/wp-content\/uploads\/2026\/09\/WhatsApp-Image-2026-09-03-at-7.12.59-PM-1-768x512.jpeg 768w, https:\/\/alboradatixtla.com\/wp-content\/uploads\/2026\/09\/WhatsApp-Image-2026-09-03-at-7.12.59-PM-1.jpeg 1280w\" sizes=\"auto, (max-width: 1024px) 100vw, 1024px\" \/><\/figure>\n\n\n\n<figure class=\"wp-block-image size-large\"><img loading=\"lazy\" decoding=\"async\" width=\"768\" height=\"1024\" data-id=\"3585\" src=\"https:\/\/alboradatixtla.com\/wp-content\/uploads\/2026\/09\/WhatsApp-Image-2026-09-03-at-7.12.58-PM-768x1024.jpeg\" alt=\"\" class=\"wp-image-3585\" srcset=\"https:\/\/alboradatixtla.com\/wp-content\/uploads\/2026\/09\/WhatsApp-Image-2026-09-03-at-7.12.58-PM-768x1024.jpeg 768w, https:\/\/alboradatixtla.com\/wp-content\/uploads\/2026\/09\/WhatsApp-Image-2026-09-03-at-7.12.58-PM-225x300.jpeg 225w, https:\/\/alboradatixtla.com\/wp-content\/uploads\/2026\/09\/WhatsApp-Image-2026-09-03-at-7.12.58-PM.jpeg 960w\" sizes=\"auto, (max-width: 768px) 100vw, 768px\" \/><\/figure>\n\n\n\n<figure class=\"wp-block-image size-large\"><img loading=\"lazy\" decoding=\"async\" width=\"1024\" height=\"682\" data-id=\"3591\" src=\"https:\/\/alboradatixtla.com\/wp-content\/uploads\/2026\/09\/WhatsApp-Image-2026-09-03-at-7.12.58-PM-3-1024x682.jpeg\" alt=\"\" class=\"wp-image-3591\" srcset=\"https:\/\/alboradatixtla.com\/wp-content\/uploads\/2026\/09\/WhatsApp-Image-2026-09-03-at-7.12.58-PM-3-1024x682.jpeg 1024w, https:\/\/alboradatixtla.com\/wp-content\/uploads\/2026\/09\/WhatsApp-Image-2026-09-03-at-7.12.58-PM-3-300x200.jpeg 300w, https:\/\/alboradatixtla.com\/wp-content\/uploads\/2026\/09\/WhatsApp-Image-2026-09-03-at-7.12.58-PM-3-768x512.jpeg 768w, https:\/\/alboradatixtla.com\/wp-content\/uploads\/2026\/09\/WhatsApp-Image-2026-09-03-at-7.12.58-PM-3.jpeg 1280w\" sizes=\"auto, (max-width: 1024px) 100vw, 1024px\" \/><\/figure>\n\n\n\n<figure class=\"wp-block-image size-large\"><img loading=\"lazy\" decoding=\"async\" width=\"1024\" height=\"682\" data-id=\"3592\" src=\"https:\/\/alboradatixtla.com\/wp-content\/uploads\/2026\/09\/WhatsApp-Image-2026-09-03-at-7.12.58-PM-2-1024x682.jpeg\" alt=\"\" class=\"wp-image-3592\" srcset=\"https:\/\/alboradatixtla.com\/wp-content\/uploads\/2026\/09\/WhatsApp-Image-2026-09-03-at-7.12.58-PM-2-1024x682.jpeg 1024w, https:\/\/alboradatixtla.com\/wp-content\/uploads\/2026\/09\/WhatsApp-Image-2026-09-03-at-7.12.58-PM-2-300x200.jpeg 300w, https:\/\/alboradatixtla.com\/wp-content\/uploads\/2026\/09\/WhatsApp-Image-2026-09-03-at-7.12.58-PM-2-768x512.jpeg 768w, https:\/\/alboradatixtla.com\/wp-content\/uploads\/2026\/09\/WhatsApp-Image-2026-09-03-at-7.12.58-PM-2.jpeg 1280w\" sizes=\"auto, (max-width: 1024px) 100vw, 1024px\" \/><\/figure>\n\n\n\n<figure class=\"wp-block-image size-large\"><img loading=\"lazy\" decoding=\"async\" width=\"1024\" height=\"682\" data-id=\"3593\" src=\"https:\/\/alboradatixtla.com\/wp-content\/uploads\/2026\/09\/WhatsApp-Image-2026-09-03-at-7.12.58-PM-1-1024x682.jpeg\" alt=\"\" class=\"wp-image-3593\" srcset=\"https:\/\/alboradatixtla.com\/wp-content\/uploads\/2026\/09\/WhatsApp-Image-2026-09-03-at-7.12.58-PM-1-1024x682.jpeg 1024w, https:\/\/alboradatixtla.com\/wp-content\/uploads\/2026\/09\/WhatsApp-Image-2026-09-03-at-7.12.58-PM-1-300x200.jpeg 300w, https:\/\/alboradatixtla.com\/wp-content\/uploads\/2026\/09\/WhatsApp-Image-2026-09-03-at-7.12.58-PM-1-768x512.jpeg 768w, https:\/\/alboradatixtla.com\/wp-content\/uploads\/2026\/09\/WhatsApp-Image-2026-09-03-at-7.12.58-PM-1.jpeg 1280w\" sizes=\"auto, (max-width: 1024px) 100vw, 1024px\" \/><\/figure>\n\n\n\n<figure class=\"wp-block-image size-large\"><img loading=\"lazy\" decoding=\"async\" width=\"1024\" height=\"682\" data-id=\"3587\" src=\"https:\/\/alboradatixtla.com\/wp-content\/uploads\/2026\/09\/WhatsApp-Image-2026-09-03-at-7.12.57-PM-1024x682.jpeg\" alt=\"\" class=\"wp-image-3587\" srcset=\"https:\/\/alboradatixtla.com\/wp-content\/uploads\/2026\/09\/WhatsApp-Image-2026-09-03-at-7.12.57-PM-1024x682.jpeg 1024w, https:\/\/alboradatixtla.com\/wp-content\/uploads\/2026\/09\/WhatsApp-Image-2026-09-03-at-7.12.57-PM-300x200.jpeg 300w, https:\/\/alboradatixtla.com\/wp-content\/uploads\/2026\/09\/WhatsApp-Image-2026-09-03-at-7.12.57-PM-768x512.jpeg 768w, https:\/\/alboradatixtla.com\/wp-content\/uploads\/2026\/09\/WhatsApp-Image-2026-09-03-at-7.12.57-PM.jpeg 1280w\" sizes=\"auto, (max-width: 1024px) 100vw, 1024px\" \/><\/figure>\n\n\n\n<figure class=\"wp-block-image size-large\"><img loading=\"lazy\" decoding=\"async\" width=\"1024\" height=\"682\" data-id=\"3589\" src=\"https:\/\/alboradatixtla.com\/wp-content\/uploads\/2026\/09\/WhatsApp-Image-2026-09-03-at-7.12.57-PM-2-1-1024x682.jpeg\" alt=\"\" class=\"wp-image-3589\" srcset=\"https:\/\/alboradatixtla.com\/wp-content\/uploads\/2026\/09\/WhatsApp-Image-2026-09-03-at-7.12.57-PM-2-1-1024x682.jpeg 1024w, https:\/\/alboradatixtla.com\/wp-content\/uploads\/2026\/09\/WhatsApp-Image-2026-09-03-at-7.12.57-PM-2-1-300x200.jpeg 300w, https:\/\/alboradatixtla.com\/wp-content\/uploads\/2026\/09\/WhatsApp-Image-2026-09-03-at-7.12.57-PM-2-1-768x512.jpeg 768w, https:\/\/alboradatixtla.com\/wp-content\/uploads\/2026\/09\/WhatsApp-Image-2026-09-03-at-7.12.57-PM-2-1.jpeg 1280w\" sizes=\"auto, (max-width: 1024px) 100vw, 1024px\" \/><\/figure>\n\n\n\n<figure class=\"wp-block-image size-large\"><img loading=\"lazy\" decoding=\"async\" width=\"1024\" height=\"682\" data-id=\"3590\" src=\"https:\/\/alboradatixtla.com\/wp-content\/uploads\/2026\/09\/WhatsApp-Image-2026-09-03-at-7.12.57-PM-1-1024x682.jpeg\" alt=\"\" class=\"wp-image-3590\" srcset=\"https:\/\/alboradatixtla.com\/wp-content\/uploads\/2026\/09\/WhatsApp-Image-2026-09-03-at-7.12.57-PM-1-1024x682.jpeg 1024w, https:\/\/alboradatixtla.com\/wp-content\/uploads\/2026\/09\/WhatsApp-Image-2026-09-03-at-7.12.57-PM-1-300x200.jpeg 300w, https:\/\/alboradatixtla.com\/wp-content\/uploads\/2026\/09\/WhatsApp-Image-2026-09-03-at-7.12.57-PM-1-768x512.jpeg 768w, https:\/\/alboradatixtla.com\/wp-content\/uploads\/2026\/09\/WhatsApp-Image-2026-09-03-at-7.12.57-PM-1.jpeg 1280w\" sizes=\"auto, (max-width: 1024px) 100vw, 1024px\" \/><\/figure>\n\n\n\n<figure class=\"wp-block-image size-large\"><img loading=\"lazy\" decoding=\"async\" width=\"1024\" height=\"682\" data-id=\"3594\" src=\"https:\/\/alboradatixtla.com\/wp-content\/uploads\/2026\/09\/WhatsApp-Image-2026-09-03-at-7.12.56-PM-1024x682.jpeg\" alt=\"\" class=\"wp-image-3594\" srcset=\"https:\/\/alboradatixtla.com\/wp-content\/uploads\/2026\/09\/WhatsApp-Image-2026-09-03-at-7.12.56-PM-1024x682.jpeg 1024w, https:\/\/alboradatixtla.com\/wp-content\/uploads\/2026\/09\/WhatsApp-Image-2026-09-03-at-7.12.56-PM-300x200.jpeg 300w, https:\/\/alboradatixtla.com\/wp-content\/uploads\/2026\/09\/WhatsApp-Image-2026-09-03-at-7.12.56-PM-768x512.jpeg 768w, https:\/\/alboradatixtla.com\/wp-content\/uploads\/2026\/09\/WhatsApp-Image-2026-09-03-at-7.12.56-PM.jpeg 1280w\" sizes=\"auto, (max-width: 1024px) 100vw, 1024px\" \/><\/figure>\n<\/figure>\n\n\n\n<p>Por su parte, el director general de la Comisi\u00f3n de Infraestructura Carretera y Aeroportuaria del Estado de Guerrero (CICAEG), Mart\u00edn Vega Gonz\u00e1lez, inform\u00f3 que despu\u00e9s del paso del hurac\u00e1n Otis se gestion\u00f3 ante la Secretar\u00eda de Infraestructura, Comunicaciones y Transportes (SICT) la rehabilitaci\u00f3n de los puentes de Omitl\u00e1n, Tlayolapan y San Juan del Reparo. Adem\u00e1s, a\u00f1adi\u00f3 que durante 2026 se han destinado m\u00e1s de 26 millones de pesos a diversas obras y acciones, adem\u00e1s de una inversi\u00f3n adicional de 10 millones de pesos para la rehabilitaci\u00f3n de la carretera Tierra Colorada-El Terrero-Tabacal.&nbsp;<\/p>\n\n\n\n<p>Durante el acto, Evelyn Salgado, acompa\u00f1ada por el presidente municipal de Juan R. Escudero, \u00d3scar S\u00e1nchez Luna, realiz\u00f3 la apertura simb\u00f3lica de la llave de agua, con la que se puso en operaci\u00f3n la rehabilitaci\u00f3n del sistema de abastecimiento.<\/p>\n\n\n\n<p>\u201cAhora, el agua la tenemos permanentemente, ya no nos falta, abrimos la llave y tenemos agua. Nosotros nos damos por bien servidos porque es una necesidad bastante grande. Estamos muy agradecidos por tan importante obra, nos cambi\u00f3 la vida, enserio&#8221;, afirm\u00f3 el se\u00f1or Jorge L\u00f3pez Moran a nombre de los habitantes de este municipio.<\/p>\n\n\n\n<p>En otro tema, el titular de la Secretar\u00eda de Agricultura, Ganader\u00eda, Pesca y Desarrollo Rural de Guerrero (SAGADEGRO), Alejandro Zepeda Castorena, inform\u00f3 que la sequ\u00eda representa un problema para los productores, particularmente porque alrededor del 80 por ciento de la producci\u00f3n agr\u00edcola depende del temporal.<\/p>\n\n\n\n<p>Explic\u00f3 que Guerrero cuenta con 20 sistemas producto y que el ma\u00edz representa uno de los principales cultivos, con una producci\u00f3n aproximada de 1.5 millones de toneladas.<\/p>\n\n\n\n<p>Ante esta situaci\u00f3n, destac\u00f3 las gestiones realizadas por la gobernadora Evelyn Salgado ante el Gobierno de M\u00e9xico para fortalecer las acciones de apoyo al campo y garantizar el abasto de granos b\u00e1sicos a trav\u00e9s de los programas de Alimentaci\u00f3n para el Bienestar.<\/p>\n","protected":false},"excerpt":{"rendered":"<div class=\"pvc_clear\"><\/div>\n<p id=\"pvc_stats_3581\" class=\"pvc_stats all  \" data-element-id=\"3581\" style=\"\"><i class=\"pvc-stats-icon medium\" aria-hidden=\"true\"><svg xmlns=\"http:\/\/www.w3.org\/2000\/svg\" version=\"1.0\" viewBox=\"0 0 502 315\" preserveAspectRatio=\"xMidYMid meet\"><g transform=\"translate(0,332) scale(0.1,-0.1)\" fill=\"\" stroke=\"none\"><path d=\"M2394 3279 l-29 -30 -3 -207 c-2 -182 0 -211 15 -242 39 -76 157 -76 196 0 15 31 17 60 15 243 l-3 209 -33 29 c-26 23 -41 29 -80 29 -41 0 -53 -5 -78 -31z\"\/><path d=\"M3085 3251 c-45 -19 -58 -50 -96 -229 -47 -217 -49 -260 -13 -295 52 -53 146 -42 177 20 16 31 87 366 87 410 0 70 -86 122 -155 94z\"\/><path d=\"M1751 3234 c-13 -9 -29 -31 -37 -50 -12 -29 -10 -49 21 -204 19 -94 39 -189 45 -210 14 -50 54 -80 110 -80 34 0 48 6 76 34 21 21 34 44 34 59 0 14 -18 113 -40 219 -37 178 -43 195 -70 221 -36 32 -101 37 -139 11z\"\/><path d=\"M1163 3073 c-36 -7 -73 -59 -73 -102 0 -56 133 -378 171 -413 34 -32 83 -37 129 -13 70 36 67 87 -16 290 -86 209 -89 214 -129 231 -35 14 -42 15 -82 7z\"\/><path d=\"M3689 3066 c-15 -9 -33 -30 -42 -48 -48 -103 -147 -355 -147 -375 0 -98 131 -148 192 -74 13 15 57 108 97 206 80 196 84 226 37 273 -30 30 -99 39 -137 18z\"\/><path d=\"M583 2784 c-38 -19 -67 -74 -58 -113 9 -42 211 -354 242 -373 16 -10 45 -18 66 -18 51 0 107 52 107 100 0 39 -1 41 -124 234 -80 126 -108 162 -133 173 -41 17 -61 16 -100 -3z\"\/><path d=\"M4250 2784 c-14 -9 -74 -91 -133 -183 -95 -150 -107 -173 -107 -213 0 -55 33 -94 87 -104 67 -13 90 8 211 198 130 202 137 225 78 284 -27 27 -42 34 -72 34 -22 0 -50 -8 -64 -16z\"\/><path d=\"M2275 2693 c-553 -48 -1095 -270 -1585 -649 -135 -104 -459 -423 -483 -476 -23 -49 -22 -139 2 -186 73 -142 361 -457 571 -626 285 -228 642 -407 990 -497 242 -63 336 -73 660 -74 310 0 370 5 595 52 535 111 1045 392 1455 803 122 121 250 273 275 326 19 41 19 137 0 174 -41 79 -309 363 -465 492 -447 370 -946 591 -1479 653 -113 14 -422 18 -536 8z m395 -428 c171 -34 330 -124 456 -258 112 -119 167 -219 211 -378 27 -96 24 -300 -5 -401 -72 -255 -236 -447 -474 -557 -132 -62 -201 -76 -368 -76 -167 0 -236 14 -368 76 -213 98 -373 271 -451 485 -162 444 86 934 547 1084 153 49 292 57 452 25z m909 -232 c222 -123 408 -262 593 -441 76 -74 138 -139 138 -144 0 -16 -233 -242 -330 -319 -155 -123 -309 -223 -461 -299 l-81 -41 32 46 c18 26 49 83 70 128 143 306 141 649 -6 957 -25 52 -61 116 -79 142 l-34 47 45 -20 c26 -10 76 -36 113 -56z m-2057 25 c-40 -58 -105 -190 -130 -263 -110 -324 -59 -707 132 -981 25 -35 42 -64 37 -64 -19 0 -241 119 -326 174 -188 122 -406 314 -532 468 l-58 71 108 103 c185 178 428 349 672 473 66 33 121 60 123 61 2 0 -10 -19 -26 -42z\"\/><path d=\"M2375 1950 c-198 -44 -350 -190 -395 -379 -18 -76 -8 -221 19 -290 114 -284 457 -406 731 -260 98 52 188 154 231 260 27 69 37 214 19 290 -38 163 -166 304 -326 360 -67 23 -215 33 -279 19z\"\/><\/g><\/svg><\/i> <img loading=\"lazy\" decoding=\"async\" width=\"16\" height=\"16\" alt=\"Loading\" src=\"https:\/\/alboradatixtla.com\/wp-content\/plugins\/page-views-count\/ajax-loader-2x.gif\" border=0 \/><\/p>\n<div class=\"pvc_clear\"><\/div>\n<p>Juan R. Escudero, Gro., 3 de septiembre de 2026.\u2014 Con una inversi\u00f3n superior a los 70 millones de pesos en<\/p>\n","protected":false},"author":3,"featured_media":3582,"comment_status":"open","ping_status":"open","sticky":false,"template":"","format":"standard","meta":{"colormag_page_container_layout":"default_layout","colormag_page_sidebar_layout":"default_layout","_monsterinsights_skip_tracking":false,"episode_type":"","audio_file":"","podmotor_file_id":"","podmotor_episode_id":"","cover_image":"","cover_image_id":"","duration":"","filesize":"","filesize_raw":"","date_recorded":"","explicit":"","block":"","footnotes":"","jetpack_publicize_message":"","jetpack_publicize_feature_enabled":true,"jetpack_social_post_already_shared":true,"jetpack_social_options":{"image_generator_settings":{"template":"highway","default_image_id":0,"font":"","enabled":false},"version":2}},"categories":[13],"tags":[],"class_list":["post-3581","post","type-post","status-publish","format-standard","has-post-thumbnail","hentry","category-recientes"],"a3_pvc":{"activated":true,"total_views":2,"today_views":0},"jetpack_publicize_connections":[],"_links":{"self":[{"href":"https:\/\/alboradatixtla.com\/index.php?rest_route=\/wp\/v2\/posts\/3581","targetHints":{"allow":["GET"]}}],"collection":[{"href":"https:\/\/alboradatixtla.com\/index.php?rest_route=\/wp\/v2\/posts"}],"about":[{"href":"https:\/\/alboradatixtla.com\/index.php?rest_route=\/wp\/v2\/types\/post"}],"author":[{"embeddable":true,"href":"https:\/\/alboradatixtla.com\/index.php?rest_route=\/wp\/v2\/users\/3"}],"replies":[{"embeddable":true,"href":"https:\/\/alboradatixtla.com\/index.php?rest_route=%2Fwp%2Fv2%2Fcomments&post=3581"}],"version-history":[{"count":1,"href":"https:\/\/alboradatixtla.com\/index.php?rest_route=\/wp\/v2\/posts\/3581\/revisions"}],"predecessor-version":[{"id":3595,"href":"https:\/\/alboradatixtla.com\/index.php?rest_route=\/wp\/v2\/posts\/3581\/revisions\/3595"}],"wp:featuredmedia":[{"embeddable":true,"href":"https:\/\/alboradatixtla.com\/index.php?rest_route=\/wp\/v2\/media\/3582"}],"wp:attachment":[{"href":"https:\/\/alboradatixtla.com\/index.php?rest_route=%2Fwp%2Fv2%2Fmedia&parent=3581"}],"wp:term":[{"taxonomy":"category","embeddable":true,"href":"https:\/\/alboradatixtla.com\/index.php?rest_route=%2Fwp%2Fv2%2Fcategories&post=3581"},{"taxonomy":"post_tag","embeddable":true,"href":"https:\/\/alboradatixtla.com\/index.php?rest_route=%2Fwp%2Fv2%2Ftags&post=3581"}],"curies":[{"name":"wp","href":"https:\/\/api.w.org\/{rel}","templated":true}]}}