{"id":3538,"date":"2026-08-26T18:43:00","date_gmt":"2026-08-27T00:43:00","guid":{"rendered":"https:\/\/alboradatixtla.com\/?p=3538"},"modified":"2026-08-26T22:44:27","modified_gmt":"2026-08-27T04:44:27","slug":"frenan-en-congreso-de-guerrero-revision-de-nombres-en-espacios-publicos","status":"publish","type":"post","link":"https:\/\/alboradatixtla.com\/?p=3538","title":{"rendered":"Frenan en Congreso de Guerrero revisi\u00f3n de nombres en espacios p\u00fablicos"},"content":{"rendered":"<div class=\"pvc_clear\"><\/div><p id=\"pvc_stats_3538\" class=\"pvc_stats all  \" data-element-id=\"3538\" style=\"\"><i class=\"pvc-stats-icon medium\" aria-hidden=\"true\"><svg xmlns=\"http:\/\/www.w3.org\/2000\/svg\" version=\"1.0\" viewBox=\"0 0 502 315\" preserveAspectRatio=\"xMidYMid meet\"><g transform=\"translate(0,332) scale(0.1,-0.1)\" fill=\"\" stroke=\"none\"><path d=\"M2394 3279 l-29 -30 -3 -207 c-2 -182 0 -211 15 -242 39 -76 157 -76 196 0 15 31 17 60 15 243 l-3 209 -33 29 c-26 23 -41 29 -80 29 -41 0 -53 -5 -78 -31z\"\/><path d=\"M3085 3251 c-45 -19 -58 -50 -96 -229 -47 -217 -49 -260 -13 -295 52 -53 146 -42 177 20 16 31 87 366 87 410 0 70 -86 122 -155 94z\"\/><path d=\"M1751 3234 c-13 -9 -29 -31 -37 -50 -12 -29 -10 -49 21 -204 19 -94 39 -189 45 -210 14 -50 54 -80 110 -80 34 0 48 6 76 34 21 21 34 44 34 59 0 14 -18 113 -40 219 -37 178 -43 195 -70 221 -36 32 -101 37 -139 11z\"\/><path d=\"M1163 3073 c-36 -7 -73 -59 -73 -102 0 -56 133 -378 171 -413 34 -32 83 -37 129 -13 70 36 67 87 -16 290 -86 209 -89 214 -129 231 -35 14 -42 15 -82 7z\"\/><path d=\"M3689 3066 c-15 -9 -33 -30 -42 -48 -48 -103 -147 -355 -147 -375 0 -98 131 -148 192 -74 13 15 57 108 97 206 80 196 84 226 37 273 -30 30 -99 39 -137 18z\"\/><path d=\"M583 2784 c-38 -19 -67 -74 -58 -113 9 -42 211 -354 242 -373 16 -10 45 -18 66 -18 51 0 107 52 107 100 0 39 -1 41 -124 234 -80 126 -108 162 -133 173 -41 17 -61 16 -100 -3z\"\/><path d=\"M4250 2784 c-14 -9 -74 -91 -133 -183 -95 -150 -107 -173 -107 -213 0 -55 33 -94 87 -104 67 -13 90 8 211 198 130 202 137 225 78 284 -27 27 -42 34 -72 34 -22 0 -50 -8 -64 -16z\"\/><path d=\"M2275 2693 c-553 -48 -1095 -270 -1585 -649 -135 -104 -459 -423 -483 -476 -23 -49 -22 -139 2 -186 73 -142 361 -457 571 -626 285 -228 642 -407 990 -497 242 -63 336 -73 660 -74 310 0 370 5 595 52 535 111 1045 392 1455 803 122 121 250 273 275 326 19 41 19 137 0 174 -41 79 -309 363 -465 492 -447 370 -946 591 -1479 653 -113 14 -422 18 -536 8z m395 -428 c171 -34 330 -124 456 -258 112 -119 167 -219 211 -378 27 -96 24 -300 -5 -401 -72 -255 -236 -447 -474 -557 -132 -62 -201 -76 -368 -76 -167 0 -236 14 -368 76 -213 98 -373 271 -451 485 -162 444 86 934 547 1084 153 49 292 57 452 25z m909 -232 c222 -123 408 -262 593 -441 76 -74 138 -139 138 -144 0 -16 -233 -242 -330 -319 -155 -123 -309 -223 -461 -299 l-81 -41 32 46 c18 26 49 83 70 128 143 306 141 649 -6 957 -25 52 -61 116 -79 142 l-34 47 45 -20 c26 -10 76 -36 113 -56z m-2057 25 c-40 -58 -105 -190 -130 -263 -110 -324 -59 -707 132 -981 25 -35 42 -64 37 -64 -19 0 -241 119 -326 174 -188 122 -406 314 -532 468 l-58 71 108 103 c185 178 428 349 672 473 66 33 121 60 123 61 2 0 -10 -19 -26 -42z\"\/><path d=\"M2375 1950 c-198 -44 -350 -190 -395 -379 -18 -76 -8 -221 19 -290 114 -284 457 -406 731 -260 98 52 188 154 231 260 27 69 37 214 19 290 -38 163 -166 304 -326 360 -67 23 -215 33 -279 19z\"\/><\/g><\/svg><\/i> <img loading=\"lazy\" decoding=\"async\" width=\"16\" height=\"16\" alt=\"Loading\" src=\"https:\/\/alboradatixtla.com\/wp-content\/plugins\/page-views-count\/ajax-loader-2x.gif\" border=0 \/><\/p><div class=\"pvc_clear\"><\/div>\n<p>La propuesta de Morena buscaba que los 84 municipios y Ayutla informaran sobre calles, escuelas, parques y plazas con nombres de personajes p\u00fablicos, para identificar posibles homenajes a represores y establecer criterios de memoria hist\u00f3rica; fue rechazada con 7 votos contra 4.<\/p>\n\n\n\n<p>Texto: Fernando Foster<\/p>\n\n\n\n<p>Chilpancingo de los Bravo, Gro., 26 agosto de 2026.\u2014 Con siete votos en contra y cuatro a favor, legisladores del PRI, PAN, PT, Partido Verde y Movimiento Ciudadano rechazaron la proposici\u00f3n con punto de acuerdo presentada por la diputada de Morena, Marisol Baz\u00e1n Fern\u00e1ndez, para realizar un diagn\u00f3stico estatal sobre la nomenclatura de calles y espacios p\u00fablicos de Guerrero.<\/p>\n\n\n\n<p>La propuesta pretend\u00eda exhortar a los 84 ayuntamientos del estado y al Concejo Municipal Comunitario de Ayutla de los Libres para que remitieran al Congreso local informaci\u00f3n sobre sus calles, avenidas, colonias, plazas, parques y dem\u00e1s espacios p\u00fablicos que lleven el nombre de personas f\u00edsicas o personajes p\u00fablicos.<\/p>\n\n\n\n<p>Adem\u00e1s, los gobiernos municipales tendr\u00edan que informar sobre el origen de cada denominaci\u00f3n, la autoridad que la aprob\u00f3, el fundamento jur\u00eddico utilizado y los reglamentos vigentes para asignar, modificar o sustituir nombres.<\/p>\n\n\n\n<p>Baz\u00e1n Fern\u00e1ndez, explic\u00f3 en su propuesta que el primer objetivo era conocer la dimensi\u00f3n del problema antes de plantear cualquier modificaci\u00f3n a la nomenclatura.<\/p>\n\n\n\n<p>El exhorto establec\u00eda que los ayuntamientos tendr\u00edan un plazo m\u00e1ximo de 30 d\u00edas h\u00e1biles para entregar la informaci\u00f3n, con la finalidad de construir un diagn\u00f3stico estatal y determinar posteriormente si era necesario modificar la legislaci\u00f3n, establecer criterios comunes o crear mecanismos para revisar determinadas denominaciones.<\/p>\n\n\n\n<p>La legisladora argument\u00f3 que nombrar una calle, plaza, escuela o cualquier espacio p\u00fablico no es un acto meramente administrativo, sino una decisi\u00f3n que influye en la memoria colectiva.<\/p>\n\n\n\n<p>\u201cNombrar un espacio p\u00fablico es un acto de naturaleza pol\u00edtica\u201d, sostiene el documento, al se\u00f1alar que el Estado decide qu\u00e9 personajes permanecer\u00e1n como referentes hist\u00f3ricos para las siguientes generaciones.<\/p>\n\n\n\n<p>En ese sentido, cuestion\u00f3 que durante d\u00e9cadas se hayan utilizado espacios p\u00fablicos para perpetuar los nombres de exgobernadores, presidentes municipales, funcionarios y otros personajes vinculados con el poder pol\u00edtico, sin que actualmente exista un diagn\u00f3stico estatal que permita conocer qui\u00e9nes son reconocidos, cu\u00e1ndo fueron asignados sus nombres y bajo qu\u00e9 criterios.<\/p>\n\n\n\n<p>Uno de los temas centrales de la propuesta fue el contexto de violencia pol\u00edtica, represi\u00f3n y violaciones graves a los derechos humanos que sufri\u00f3 Guerrero durante la Guerra Sucia.<\/p>\n\n\n\n<p>Existen familias que contin\u00faan reclamando verdad, justicia, reconocimiento y reparaci\u00f3n por la desaparici\u00f3n y asesinato de sus familiares por el exgobernador de Guerrero, Rub\u00e9n Figueroa.<\/p>\n\n\n\n<p>En ese contexto, incorpor\u00f3 a su propuesta la Recomendaci\u00f3n por Violaciones Graves 98VG\/2023 de la Comisi\u00f3n Nacional de los Derechos Humanos (CNDH), particularmente el punto recomendatorio QUINTO, relacionado con la revisi\u00f3n de la nomenclatura de calles, monumentos, escuelas y otros espacios p\u00fablicos que hagan referencia a personas se\u00f1aladas como perpetradoras de violaciones graves a los derechos humanos.<\/p>\n\n\n\n<p>La intenci\u00f3n, era que el Congreso contara con informaci\u00f3n oficial para discutir posteriormente qu\u00e9 principios deber\u00edan regir la memoria p\u00fablica en Guerrero.<\/p>\n\n\n\n<p>El rechazo legislativo se registra despu\u00e9s de que familiares de v\u00edctimas de la Guerra Sucia y organizaciones sociales expresaran p\u00fablicamente su respaldo a la propuesta de Baz\u00e1n Fern\u00e1ndez.<\/p>\n\n\n\n<p>Entre ellos se encuentran Norma Mesino, Mercedes Caba\u00f1as y Lenin Fern\u00e1ndez, quienes exigieron retirar de calles, escuelas, parques y otros espacios p\u00fablicos los nombres de personajes a quienes responsabilizan de actos de represi\u00f3n, desapariciones y violaciones a los derechos humanos.<\/p>\n\n\n\n<p>Los integrantes del movimiento social plantearon que, en lugar de los nombres de represores, se reconozca a v\u00edctimas, luchadores sociales, mujeres y otros personajes que hayan contribuido a la transformaci\u00f3n de Guerrero.<\/p>\n\n\n\n<p>Durante una conferencia de prensa, recordaron episodios como la Guerra Sucia, las desapariciones de luchadores sociales y masacres ocurridas en Guerrero, entre ellas la de Aguas Blancas y El Charco.<\/p>\n\n\n\n<p>Tambi\u00e9n se\u00f1alaron que mantener los nombres de personajes se\u00f1alados como responsables de esos hechos representa una afectaci\u00f3n a la memoria de las v\u00edctimas y sus familias.<\/p>\n\n\n\n<p>Los representantes sociales se\u00f1alaron como antecedente el retiro del nombre de Rub\u00e9n Figueroa Figueroa de un parque ubicado en Chilpancingo, cuyo nombre fue sustituido por el de Morelos.<\/p>\n\n\n\n<p>El caso es relevante porque Figueroa Figueroa fue gobernador de Guerrero durante el periodo de la Guerra Sucia y su administraci\u00f3n ha sido se\u00f1alada por organizaciones sociales y familiares de v\u00edctimas por hechos de represi\u00f3n.<\/p>\n\n\n\n<p>Los activistas tambi\u00e9n cuestionaron que otros personajes relacionados con episodios represivos contin\u00faen siendo reconocidos en espacios p\u00fablicos.<\/p>\n\n\n\n<p>La iniciativa planteaba que la discusi\u00f3n no deb\u00eda limitarse a cambiar nombres, sino establecer reglas para evitar que el espacio p\u00fablico sea utilizado como mecanismo de promoci\u00f3n personal o reconocimiento pol\u00edtico.<\/p>\n\n\n\n<p>Baz\u00e1n Fern\u00e1ndez consider\u00f3 que, deber\u00eda existir una raz\u00f3n p\u00fablica para que una persona sea incorporada a la nomenclatura oficial y que los procedimientos para otorgar esos reconocimientos sean transparentes.<\/p>\n\n\n\n<p>Tambi\u00e9n propuso analizar, en una eventual reforma posterior, la pertinencia de establecer restricciones para evitar que personas que se encuentren en ejercicio de un cargo p\u00fablico sean homenajeadas mediante la imposici\u00f3n de sus nombres a calles, escuelas, parques u otros espacios.<\/p>\n\n\n\n<p>Con el resultado de 7 votos en contra y 4 a favor, la Comisi\u00f3n Permanente rechaz\u00f3 el exhorto y, por el momento, no habr\u00e1 un diagn\u00f3stico estatal elaborado mediante esta v\u00eda legislativa.<\/p>\n\n\n\n<p>Para los familiares y organizaciones sociales que respaldaron la iniciativa, la discusi\u00f3n no termina con el rechazo del punto de acuerdo, pues sostienen que continuar\u00e1n exigiendo verdad, justicia y reconocimiento para las v\u00edctimas de la represi\u00f3n.<\/p>\n\n\n\n<p>El planteamiento de fondo es determinar qui\u00e9nes merecen permanecer en la memoria p\u00fablica de Guerrero y bajo qu\u00e9 criterios, particularmente en un estado marcado por d\u00e9cadas de conflictos sociales, desapariciones, persecuci\u00f3n pol\u00edtica y violencia de Estado.<\/p>\n","protected":false},"excerpt":{"rendered":"<div class=\"pvc_clear\"><\/div>\n<p id=\"pvc_stats_3538\" class=\"pvc_stats all  \" data-element-id=\"3538\" style=\"\"><i class=\"pvc-stats-icon medium\" aria-hidden=\"true\"><svg xmlns=\"http:\/\/www.w3.org\/2000\/svg\" version=\"1.0\" viewBox=\"0 0 502 315\" preserveAspectRatio=\"xMidYMid meet\"><g transform=\"translate(0,332) scale(0.1,-0.1)\" fill=\"\" stroke=\"none\"><path d=\"M2394 3279 l-29 -30 -3 -207 c-2 -182 0 -211 15 -242 39 -76 157 -76 196 0 15 31 17 60 15 243 l-3 209 -33 29 c-26 23 -41 29 -80 29 -41 0 -53 -5 -78 -31z\"\/><path d=\"M3085 3251 c-45 -19 -58 -50 -96 -229 -47 -217 -49 -260 -13 -295 52 -53 146 -42 177 20 16 31 87 366 87 410 0 70 -86 122 -155 94z\"\/><path d=\"M1751 3234 c-13 -9 -29 -31 -37 -50 -12 -29 -10 -49 21 -204 19 -94 39 -189 45 -210 14 -50 54 -80 110 -80 34 0 48 6 76 34 21 21 34 44 34 59 0 14 -18 113 -40 219 -37 178 -43 195 -70 221 -36 32 -101 37 -139 11z\"\/><path d=\"M1163 3073 c-36 -7 -73 -59 -73 -102 0 -56 133 -378 171 -413 34 -32 83 -37 129 -13 70 36 67 87 -16 290 -86 209 -89 214 -129 231 -35 14 -42 15 -82 7z\"\/><path d=\"M3689 3066 c-15 -9 -33 -30 -42 -48 -48 -103 -147 -355 -147 -375 0 -98 131 -148 192 -74 13 15 57 108 97 206 80 196 84 226 37 273 -30 30 -99 39 -137 18z\"\/><path d=\"M583 2784 c-38 -19 -67 -74 -58 -113 9 -42 211 -354 242 -373 16 -10 45 -18 66 -18 51 0 107 52 107 100 0 39 -1 41 -124 234 -80 126 -108 162 -133 173 -41 17 -61 16 -100 -3z\"\/><path d=\"M4250 2784 c-14 -9 -74 -91 -133 -183 -95 -150 -107 -173 -107 -213 0 -55 33 -94 87 -104 67 -13 90 8 211 198 130 202 137 225 78 284 -27 27 -42 34 -72 34 -22 0 -50 -8 -64 -16z\"\/><path d=\"M2275 2693 c-553 -48 -1095 -270 -1585 -649 -135 -104 -459 -423 -483 -476 -23 -49 -22 -139 2 -186 73 -142 361 -457 571 -626 285 -228 642 -407 990 -497 242 -63 336 -73 660 -74 310 0 370 5 595 52 535 111 1045 392 1455 803 122 121 250 273 275 326 19 41 19 137 0 174 -41 79 -309 363 -465 492 -447 370 -946 591 -1479 653 -113 14 -422 18 -536 8z m395 -428 c171 -34 330 -124 456 -258 112 -119 167 -219 211 -378 27 -96 24 -300 -5 -401 -72 -255 -236 -447 -474 -557 -132 -62 -201 -76 -368 -76 -167 0 -236 14 -368 76 -213 98 -373 271 -451 485 -162 444 86 934 547 1084 153 49 292 57 452 25z m909 -232 c222 -123 408 -262 593 -441 76 -74 138 -139 138 -144 0 -16 -233 -242 -330 -319 -155 -123 -309 -223 -461 -299 l-81 -41 32 46 c18 26 49 83 70 128 143 306 141 649 -6 957 -25 52 -61 116 -79 142 l-34 47 45 -20 c26 -10 76 -36 113 -56z m-2057 25 c-40 -58 -105 -190 -130 -263 -110 -324 -59 -707 132 -981 25 -35 42 -64 37 -64 -19 0 -241 119 -326 174 -188 122 -406 314 -532 468 l-58 71 108 103 c185 178 428 349 672 473 66 33 121 60 123 61 2 0 -10 -19 -26 -42z\"\/><path d=\"M2375 1950 c-198 -44 -350 -190 -395 -379 -18 -76 -8 -221 19 -290 114 -284 457 -406 731 -260 98 52 188 154 231 260 27 69 37 214 19 290 -38 163 -166 304 -326 360 -67 23 -215 33 -279 19z\"\/><\/g><\/svg><\/i> <img loading=\"lazy\" decoding=\"async\" width=\"16\" height=\"16\" alt=\"Loading\" src=\"https:\/\/alboradatixtla.com\/wp-content\/plugins\/page-views-count\/ajax-loader-2x.gif\" border=0 \/><\/p>\n<div class=\"pvc_clear\"><\/div>\n<p>La propuesta de Morena buscaba que los 84 municipios y Ayutla informaran sobre calles, escuelas, parques y plazas con nombres<\/p>\n","protected":false},"author":3,"featured_media":3539,"comment_status":"open","ping_status":"open","sticky":false,"template":"","format":"standard","meta":{"colormag_page_container_layout":"default_layout","colormag_page_sidebar_layout":"default_layout","_monsterinsights_skip_tracking":false,"episode_type":"","audio_file":"","podmotor_file_id":"","podmotor_episode_id":"","cover_image":"","cover_image_id":"","duration":"","filesize":"","filesize_raw":"","date_recorded":"","explicit":"","block":"","footnotes":"","jetpack_publicize_message":"","jetpack_publicize_feature_enabled":true,"jetpack_social_post_already_shared":true,"jetpack_social_options":{"image_generator_settings":{"template":"highway","default_image_id":0,"font":"","enabled":false},"version":2}},"categories":[20,9],"tags":[],"class_list":["post-3538","post","type-post","status-publish","format-standard","has-post-thumbnail","hentry","category-congreso","category-guerrero"],"a3_pvc":{"activated":true,"total_views":5,"today_views":0},"jetpack_publicize_connections":[],"_links":{"self":[{"href":"https:\/\/alboradatixtla.com\/index.php?rest_route=\/wp\/v2\/posts\/3538","targetHints":{"allow":["GET"]}}],"collection":[{"href":"https:\/\/alboradatixtla.com\/index.php?rest_route=\/wp\/v2\/posts"}],"about":[{"href":"https:\/\/alboradatixtla.com\/index.php?rest_route=\/wp\/v2\/types\/post"}],"author":[{"embeddable":true,"href":"https:\/\/alboradatixtla.com\/index.php?rest_route=\/wp\/v2\/users\/3"}],"replies":[{"embeddable":true,"href":"https:\/\/alboradatixtla.com\/index.php?rest_route=%2Fwp%2Fv2%2Fcomments&post=3538"}],"version-history":[{"count":1,"href":"https:\/\/alboradatixtla.com\/index.php?rest_route=\/wp\/v2\/posts\/3538\/revisions"}],"predecessor-version":[{"id":3540,"href":"https:\/\/alboradatixtla.com\/index.php?rest_route=\/wp\/v2\/posts\/3538\/revisions\/3540"}],"wp:featuredmedia":[{"embeddable":true,"href":"https:\/\/alboradatixtla.com\/index.php?rest_route=\/wp\/v2\/media\/3539"}],"wp:attachment":[{"href":"https:\/\/alboradatixtla.com\/index.php?rest_route=%2Fwp%2Fv2%2Fmedia&parent=3538"}],"wp:term":[{"taxonomy":"category","embeddable":true,"href":"https:\/\/alboradatixtla.com\/index.php?rest_route=%2Fwp%2Fv2%2Fcategories&post=3538"},{"taxonomy":"post_tag","embeddable":true,"href":"https:\/\/alboradatixtla.com\/index.php?rest_route=%2Fwp%2Fv2%2Ftags&post=3538"}],"curies":[{"name":"wp","href":"https:\/\/api.w.org\/{rel}","templated":true}]}}