{"id":3534,"date":"2026-08-26T22:34:45","date_gmt":"2026-08-27T04:34:45","guid":{"rendered":"https:\/\/alboradatixtla.com\/?p=3534"},"modified":"2026-08-26T22:34:45","modified_gmt":"2026-08-27T04:34:45","slug":"victimas-de-la-guerra-sucia-respaldan-retiro-de-nombres-de-represores-de-espacios-publicos","status":"publish","type":"post","link":"https:\/\/alboradatixtla.com\/?p=3534","title":{"rendered":"V\u00edctimas de la Guerra Sucia respaldan retiro de nombres de represores de espacios p\u00fablicos"},"content":{"rendered":"<div class=\"pvc_clear\"><\/div><p id=\"pvc_stats_3534\" class=\"pvc_stats all  \" data-element-id=\"3534\" style=\"\"><i class=\"pvc-stats-icon medium\" aria-hidden=\"true\"><svg xmlns=\"http:\/\/www.w3.org\/2000\/svg\" version=\"1.0\" viewBox=\"0 0 502 315\" preserveAspectRatio=\"xMidYMid meet\"><g transform=\"translate(0,332) scale(0.1,-0.1)\" fill=\"\" stroke=\"none\"><path d=\"M2394 3279 l-29 -30 -3 -207 c-2 -182 0 -211 15 -242 39 -76 157 -76 196 0 15 31 17 60 15 243 l-3 209 -33 29 c-26 23 -41 29 -80 29 -41 0 -53 -5 -78 -31z\"\/><path d=\"M3085 3251 c-45 -19 -58 -50 -96 -229 -47 -217 -49 -260 -13 -295 52 -53 146 -42 177 20 16 31 87 366 87 410 0 70 -86 122 -155 94z\"\/><path d=\"M1751 3234 c-13 -9 -29 -31 -37 -50 -12 -29 -10 -49 21 -204 19 -94 39 -189 45 -210 14 -50 54 -80 110 -80 34 0 48 6 76 34 21 21 34 44 34 59 0 14 -18 113 -40 219 -37 178 -43 195 -70 221 -36 32 -101 37 -139 11z\"\/><path d=\"M1163 3073 c-36 -7 -73 -59 -73 -102 0 -56 133 -378 171 -413 34 -32 83 -37 129 -13 70 36 67 87 -16 290 -86 209 -89 214 -129 231 -35 14 -42 15 -82 7z\"\/><path d=\"M3689 3066 c-15 -9 -33 -30 -42 -48 -48 -103 -147 -355 -147 -375 0 -98 131 -148 192 -74 13 15 57 108 97 206 80 196 84 226 37 273 -30 30 -99 39 -137 18z\"\/><path d=\"M583 2784 c-38 -19 -67 -74 -58 -113 9 -42 211 -354 242 -373 16 -10 45 -18 66 -18 51 0 107 52 107 100 0 39 -1 41 -124 234 -80 126 -108 162 -133 173 -41 17 -61 16 -100 -3z\"\/><path d=\"M4250 2784 c-14 -9 -74 -91 -133 -183 -95 -150 -107 -173 -107 -213 0 -55 33 -94 87 -104 67 -13 90 8 211 198 130 202 137 225 78 284 -27 27 -42 34 -72 34 -22 0 -50 -8 -64 -16z\"\/><path d=\"M2275 2693 c-553 -48 -1095 -270 -1585 -649 -135 -104 -459 -423 -483 -476 -23 -49 -22 -139 2 -186 73 -142 361 -457 571 -626 285 -228 642 -407 990 -497 242 -63 336 -73 660 -74 310 0 370 5 595 52 535 111 1045 392 1455 803 122 121 250 273 275 326 19 41 19 137 0 174 -41 79 -309 363 -465 492 -447 370 -946 591 -1479 653 -113 14 -422 18 -536 8z m395 -428 c171 -34 330 -124 456 -258 112 -119 167 -219 211 -378 27 -96 24 -300 -5 -401 -72 -255 -236 -447 -474 -557 -132 -62 -201 -76 -368 -76 -167 0 -236 14 -368 76 -213 98 -373 271 -451 485 -162 444 86 934 547 1084 153 49 292 57 452 25z m909 -232 c222 -123 408 -262 593 -441 76 -74 138 -139 138 -144 0 -16 -233 -242 -330 -319 -155 -123 -309 -223 -461 -299 l-81 -41 32 46 c18 26 49 83 70 128 143 306 141 649 -6 957 -25 52 -61 116 -79 142 l-34 47 45 -20 c26 -10 76 -36 113 -56z m-2057 25 c-40 -58 -105 -190 -130 -263 -110 -324 -59 -707 132 -981 25 -35 42 -64 37 -64 -19 0 -241 119 -326 174 -188 122 -406 314 -532 468 l-58 71 108 103 c185 178 428 349 672 473 66 33 121 60 123 61 2 0 -10 -19 -26 -42z\"\/><path d=\"M2375 1950 c-198 -44 -350 -190 -395 -379 -18 -76 -8 -221 19 -290 114 -284 457 -406 731 -260 98 52 188 154 231 260 27 69 37 214 19 290 -38 163 -166 304 -326 360 -67 23 -215 33 -279 19z\"\/><\/g><\/svg><\/i> <img loading=\"lazy\" decoding=\"async\" width=\"16\" height=\"16\" alt=\"Loading\" src=\"https:\/\/alboradatixtla.com\/wp-content\/plugins\/page-views-count\/ajax-loader-2x.gif\" border=0 \/><\/p><div class=\"pvc_clear\"><\/div>\n<p>Norma Mesino, Mercedes Caba\u00f1as y familiares de v\u00edctimas de la represi\u00f3n en Guerrero respaldaron la propuesta de la diputada de Morena, Marisol Baz\u00e1n Fern\u00e1ndez, para retirar de calles, escuelas, parques y otros espacios p\u00fablicos los nombres de represores y funcionarios se\u00f1alados por violaciones a los derechos humanos.<\/p>\n\n\n\n<p>Texto: Fernando Foster<\/p>\n\n\n\n<p>Chilpancingo de los Bravo, Gro., 26 agosto de 2026.\u2014 Familiares de v\u00edctimas de la Guerra Sucia y sobrevivientes de la represi\u00f3n pol\u00edtica en Guerrero respaldaron la propuesta de la diputada de Morena, Marisol Baz\u00e1n Fern\u00e1ndez, para retirar de la nomenclatura estatal los nombres de exgobernantes y funcionarios se\u00f1alados como responsables de actos de represi\u00f3n, desapariciones y violaciones a los derechos humanos.<\/p>\n\n\n\n<p>En conferencia de prensa, Norma Mesino, Mercedes Caba\u00f1as y otros integrantes del movimiento social exigieron que calles, escuelas, parques y dem\u00e1s espacios p\u00fablicos dejen de rendir homenaje a quienes, afirmaron, fueron responsables de perseguir y agredir al pueblo guerrerense.<\/p>\n\n\n\n<p>Norma Mesino, integrante de una organizaci\u00f3n campesina de la Sierra del Sur y familiar de v\u00edctimas de la Guerra Sucia, sostuvo que los represores no deben ser reconocidos en espacios p\u00fablicos, particularmente cuando existen familiares que todav\u00eda esperan verdad y justicia por la desaparici\u00f3n y asesinato de sus seres queridos.<\/p>\n\n\n\n<p>Se\u00f1al\u00f3 como ejemplo el caso de la masacre de Aguas Blancas, ocurrida en Coyuca de Ben\u00edtez, as\u00ed como otros episodios represivos registrados durante distintos gobiernos, y cuestion\u00f3 que personajes se\u00f1alados por estos hechos contin\u00faen siendo reconocidos p\u00fablicamente.<\/p>\n\n\n\n<p>\u201cLos represores del pueblo no deben ser reconocidos\u201d, plante\u00f3, al considerar que la nomenclatura de Guerrero deber\u00eda honrar a mujeres, campesinos, luchadores sociales, cient\u00edficos y personas que hayan contribuido al desarrollo de la entidad y del pa\u00eds.<\/p>\n\n\n\n<p>Mesino tambi\u00e9n record\u00f3 que la Comisi\u00f3n Nacional de los Derechos Humanos emiti\u00f3 recomendaciones relacionadas con la Guerra Sucia en Guerrero, entre ellas la modificaci\u00f3n de nombres de escuelas, calles y otros espacios vinculados con personajes se\u00f1alados por violaciones a derechos humanos.<\/p>\n\n\n\n<p>Advirti\u00f3 que una recomendaci\u00f3n no tiene la misma fuerza que una ley, por lo que consider\u00f3 necesario que la propuesta de la legisladora llegue a los municipios y establezca mecanismos legales para retirar dichos nombres.<\/p>\n\n\n\n<p>Los familiares de v\u00edctimas recordaron que en Guerrero ya existen antecedentes de modificaciones a la nomenclatura como parte de la lucha por la memoria hist\u00f3rica, como el retiro del nombre de Rub\u00e9n Figueroa Figueroa del parque ubicado en Chilpancingo.<\/p>\n\n\n\n<p>Por su parte, Mercedes Caba\u00f1as, quien record\u00f3 su participaci\u00f3n en el movimiento encabezado por Lucio Caba\u00f1as, narr\u00f3 las experiencias de persecuci\u00f3n, tortura, desapariciones y violaciones a los derechos humanos que padecieron integrantes de su familia y comunidades durante la Guerra Sucia.<\/p>\n\n\n\n<p>Caba\u00f1as afirm\u00f3 que, durante aquellos a\u00f1os bastaba con llevar el apellido Caba\u00f1as para ser perseguido y relat\u00f3 que integrantes de su familia fueron detenidos, torturados o desaparecidos.<\/p>\n\n\n\n<p>\u201cNos da mucho coraje; las heridas est\u00e1n abiertas\u201d, expres\u00f3 al respaldar la propuesta de Baz\u00e1n Fern\u00e1ndez y pedir que los nombres de quienes fueron se\u00f1alados como responsables de la represi\u00f3n sean sustituidos por los de v\u00edctimas y luchadores sociales.<\/p>\n\n\n\n<p>En tanto, Lenin Fern\u00e1ndez, cantautor guerrerense de m\u00fasica de protesta y familiar de v\u00edctimas de la Guerra Sucia, sostuvo que no es posible caminar diariamente por calles que llevan los nombres de personas a las que responsabilizan de infundir miedo y cometer abusos contra la poblaci\u00f3n.<\/p>\n\n\n\n<p>Menciono a su t\u00eda Victoria Fern\u00e1ndez, desaparecida durante el periodo de la Guerra Sucia, y a su padre, quien particip\u00f3 en el movimiento guerrillero de Genaro V\u00e1zquez Rojas y, de acuerdo con su testimonio, sufri\u00f3 torturas que dejaron secuelas durante el resto de su vida.<\/p>\n\n\n\n<p>\u201cLas calles son para enaltecer a los h\u00e9roes, a los campesinos y a las mujeres que han dado la vida por Guerrero y por M\u00e9xico, no a nuestros verdugos\u201d, manifest\u00f3.<\/p>\n\n\n\n<p>Tambi\u00e9n propusieron que los espacios p\u00fablicos sean renombrados con los nombres de personas desaparecidas, v\u00edctimas de la violencia de Estado y luchadores sociales, al considerar que existe un amplio n\u00famero de nombres que forman parte de la historia de Guerrero y que merecen reconocimiento.<\/p>\n\n\n\n<p>Asimismo, exigieron que contin\u00fae la b\u00fasqueda de verdad y justicia para las v\u00edctimas de la Guerra Sucia y que se mantenga viva la memoria hist\u00f3rica entre las nuevas generaciones.<\/p>\n\n\n\n<p>Los familiares y organizaciones sociales reiteraron que respaldar\u00e1n el proyecto promovido por la diputada Marisol Baz\u00e1n y anunciaron que continuar\u00e1n impulsando acciones para que la iniciativa se concrete y llegue a los municipios de Guerrero.<\/p>\n\n\n\n<p>Lenin Fern\u00e1ndez inform\u00f3 que present\u00f3 una solicitud para que su padre, Gregorio Fern\u00e1ndez<\/p>\n","protected":false},"excerpt":{"rendered":"<div class=\"pvc_clear\"><\/div>\n<p id=\"pvc_stats_3534\" class=\"pvc_stats all  \" data-element-id=\"3534\" style=\"\"><i class=\"pvc-stats-icon medium\" aria-hidden=\"true\"><svg xmlns=\"http:\/\/www.w3.org\/2000\/svg\" version=\"1.0\" viewBox=\"0 0 502 315\" preserveAspectRatio=\"xMidYMid meet\"><g transform=\"translate(0,332) scale(0.1,-0.1)\" fill=\"\" stroke=\"none\"><path d=\"M2394 3279 l-29 -30 -3 -207 c-2 -182 0 -211 15 -242 39 -76 157 -76 196 0 15 31 17 60 15 243 l-3 209 -33 29 c-26 23 -41 29 -80 29 -41 0 -53 -5 -78 -31z\"\/><path d=\"M3085 3251 c-45 -19 -58 -50 -96 -229 -47 -217 -49 -260 -13 -295 52 -53 146 -42 177 20 16 31 87 366 87 410 0 70 -86 122 -155 94z\"\/><path d=\"M1751 3234 c-13 -9 -29 -31 -37 -50 -12 -29 -10 -49 21 -204 19 -94 39 -189 45 -210 14 -50 54 -80 110 -80 34 0 48 6 76 34 21 21 34 44 34 59 0 14 -18 113 -40 219 -37 178 -43 195 -70 221 -36 32 -101 37 -139 11z\"\/><path d=\"M1163 3073 c-36 -7 -73 -59 -73 -102 0 -56 133 -378 171 -413 34 -32 83 -37 129 -13 70 36 67 87 -16 290 -86 209 -89 214 -129 231 -35 14 -42 15 -82 7z\"\/><path d=\"M3689 3066 c-15 -9 -33 -30 -42 -48 -48 -103 -147 -355 -147 -375 0 -98 131 -148 192 -74 13 15 57 108 97 206 80 196 84 226 37 273 -30 30 -99 39 -137 18z\"\/><path d=\"M583 2784 c-38 -19 -67 -74 -58 -113 9 -42 211 -354 242 -373 16 -10 45 -18 66 -18 51 0 107 52 107 100 0 39 -1 41 -124 234 -80 126 -108 162 -133 173 -41 17 -61 16 -100 -3z\"\/><path d=\"M4250 2784 c-14 -9 -74 -91 -133 -183 -95 -150 -107 -173 -107 -213 0 -55 33 -94 87 -104 67 -13 90 8 211 198 130 202 137 225 78 284 -27 27 -42 34 -72 34 -22 0 -50 -8 -64 -16z\"\/><path d=\"M2275 2693 c-553 -48 -1095 -270 -1585 -649 -135 -104 -459 -423 -483 -476 -23 -49 -22 -139 2 -186 73 -142 361 -457 571 -626 285 -228 642 -407 990 -497 242 -63 336 -73 660 -74 310 0 370 5 595 52 535 111 1045 392 1455 803 122 121 250 273 275 326 19 41 19 137 0 174 -41 79 -309 363 -465 492 -447 370 -946 591 -1479 653 -113 14 -422 18 -536 8z m395 -428 c171 -34 330 -124 456 -258 112 -119 167 -219 211 -378 27 -96 24 -300 -5 -401 -72 -255 -236 -447 -474 -557 -132 -62 -201 -76 -368 -76 -167 0 -236 14 -368 76 -213 98 -373 271 -451 485 -162 444 86 934 547 1084 153 49 292 57 452 25z m909 -232 c222 -123 408 -262 593 -441 76 -74 138 -139 138 -144 0 -16 -233 -242 -330 -319 -155 -123 -309 -223 -461 -299 l-81 -41 32 46 c18 26 49 83 70 128 143 306 141 649 -6 957 -25 52 -61 116 -79 142 l-34 47 45 -20 c26 -10 76 -36 113 -56z m-2057 25 c-40 -58 -105 -190 -130 -263 -110 -324 -59 -707 132 -981 25 -35 42 -64 37 -64 -19 0 -241 119 -326 174 -188 122 -406 314 -532 468 l-58 71 108 103 c185 178 428 349 672 473 66 33 121 60 123 61 2 0 -10 -19 -26 -42z\"\/><path d=\"M2375 1950 c-198 -44 -350 -190 -395 -379 -18 -76 -8 -221 19 -290 114 -284 457 -406 731 -260 98 52 188 154 231 260 27 69 37 214 19 290 -38 163 -166 304 -326 360 -67 23 -215 33 -279 19z\"\/><\/g><\/svg><\/i> <img loading=\"lazy\" decoding=\"async\" width=\"16\" height=\"16\" alt=\"Loading\" src=\"https:\/\/alboradatixtla.com\/wp-content\/plugins\/page-views-count\/ajax-loader-2x.gif\" border=0 \/><\/p>\n<div class=\"pvc_clear\"><\/div>\n<p>Norma Mesino, Mercedes Caba\u00f1as y familiares de v\u00edctimas de la represi\u00f3n en Guerrero respaldaron la propuesta de la diputada de<\/p>\n","protected":false},"author":3,"featured_media":3536,"comment_status":"open","ping_status":"open","sticky":false,"template":"","format":"standard","meta":{"colormag_page_container_layout":"default_layout","colormag_page_sidebar_layout":"default_layout","_monsterinsights_skip_tracking":false,"episode_type":"","audio_file":"","podmotor_file_id":"","podmotor_episode_id":"","cover_image":"","cover_image_id":"","duration":"","filesize":"","filesize_raw":"","date_recorded":"","explicit":"","block":"","footnotes":"","jetpack_publicize_message":"","jetpack_publicize_feature_enabled":true,"jetpack_social_post_already_shared":true,"jetpack_social_options":{"image_generator_settings":{"template":"highway","default_image_id":0,"font":"","enabled":false},"version":2}},"categories":[9],"tags":[],"class_list":["post-3534","post","type-post","status-publish","format-standard","has-post-thumbnail","hentry","category-guerrero"],"a3_pvc":{"activated":true,"total_views":6,"today_views":1},"jetpack_publicize_connections":[],"_links":{"self":[{"href":"https:\/\/alboradatixtla.com\/index.php?rest_route=\/wp\/v2\/posts\/3534","targetHints":{"allow":["GET"]}}],"collection":[{"href":"https:\/\/alboradatixtla.com\/index.php?rest_route=\/wp\/v2\/posts"}],"about":[{"href":"https:\/\/alboradatixtla.com\/index.php?rest_route=\/wp\/v2\/types\/post"}],"author":[{"embeddable":true,"href":"https:\/\/alboradatixtla.com\/index.php?rest_route=\/wp\/v2\/users\/3"}],"replies":[{"embeddable":true,"href":"https:\/\/alboradatixtla.com\/index.php?rest_route=%2Fwp%2Fv2%2Fcomments&post=3534"}],"version-history":[{"count":1,"href":"https:\/\/alboradatixtla.com\/index.php?rest_route=\/wp\/v2\/posts\/3534\/revisions"}],"predecessor-version":[{"id":3537,"href":"https:\/\/alboradatixtla.com\/index.php?rest_route=\/wp\/v2\/posts\/3534\/revisions\/3537"}],"wp:featuredmedia":[{"embeddable":true,"href":"https:\/\/alboradatixtla.com\/index.php?rest_route=\/wp\/v2\/media\/3536"}],"wp:attachment":[{"href":"https:\/\/alboradatixtla.com\/index.php?rest_route=%2Fwp%2Fv2%2Fmedia&parent=3534"}],"wp:term":[{"taxonomy":"category","embeddable":true,"href":"https:\/\/alboradatixtla.com\/index.php?rest_route=%2Fwp%2Fv2%2Fcategories&post=3534"},{"taxonomy":"post_tag","embeddable":true,"href":"https:\/\/alboradatixtla.com\/index.php?rest_route=%2Fwp%2Fv2%2Ftags&post=3534"}],"curies":[{"name":"wp","href":"https:\/\/api.w.org\/{rel}","templated":true}]}}