{"id":3531,"date":"2026-08-26T20:18:36","date_gmt":"2026-08-27T02:18:36","guid":{"rendered":"https:\/\/alboradatixtla.com\/?p=3531"},"modified":"2026-08-26T20:18:36","modified_gmt":"2026-08-27T02:18:36","slug":"pilar-vadillo-acusa-a-marisol-bazan-de-distraerse-con-nomenclaturas-ante-violencia-en-guerrero","status":"publish","type":"post","link":"https:\/\/alboradatixtla.com\/?p=3531","title":{"rendered":"Pilar Vadillo acusa a Marisol Baz\u00e1n de distraerse con nomenclaturas ante violencia en Guerrero"},"content":{"rendered":"<div class=\"pvc_clear\"><\/div><p id=\"pvc_stats_3531\" class=\"pvc_stats all  \" data-element-id=\"3531\" style=\"\"><i class=\"pvc-stats-icon medium\" aria-hidden=\"true\"><svg xmlns=\"http:\/\/www.w3.org\/2000\/svg\" version=\"1.0\" viewBox=\"0 0 502 315\" preserveAspectRatio=\"xMidYMid meet\"><g transform=\"translate(0,332) scale(0.1,-0.1)\" fill=\"\" stroke=\"none\"><path d=\"M2394 3279 l-29 -30 -3 -207 c-2 -182 0 -211 15 -242 39 -76 157 -76 196 0 15 31 17 60 15 243 l-3 209 -33 29 c-26 23 -41 29 -80 29 -41 0 -53 -5 -78 -31z\"\/><path d=\"M3085 3251 c-45 -19 -58 -50 -96 -229 -47 -217 -49 -260 -13 -295 52 -53 146 -42 177 20 16 31 87 366 87 410 0 70 -86 122 -155 94z\"\/><path d=\"M1751 3234 c-13 -9 -29 -31 -37 -50 -12 -29 -10 -49 21 -204 19 -94 39 -189 45 -210 14 -50 54 -80 110 -80 34 0 48 6 76 34 21 21 34 44 34 59 0 14 -18 113 -40 219 -37 178 -43 195 -70 221 -36 32 -101 37 -139 11z\"\/><path d=\"M1163 3073 c-36 -7 -73 -59 -73 -102 0 -56 133 -378 171 -413 34 -32 83 -37 129 -13 70 36 67 87 -16 290 -86 209 -89 214 -129 231 -35 14 -42 15 -82 7z\"\/><path d=\"M3689 3066 c-15 -9 -33 -30 -42 -48 -48 -103 -147 -355 -147 -375 0 -98 131 -148 192 -74 13 15 57 108 97 206 80 196 84 226 37 273 -30 30 -99 39 -137 18z\"\/><path d=\"M583 2784 c-38 -19 -67 -74 -58 -113 9 -42 211 -354 242 -373 16 -10 45 -18 66 -18 51 0 107 52 107 100 0 39 -1 41 -124 234 -80 126 -108 162 -133 173 -41 17 -61 16 -100 -3z\"\/><path d=\"M4250 2784 c-14 -9 -74 -91 -133 -183 -95 -150 -107 -173 -107 -213 0 -55 33 -94 87 -104 67 -13 90 8 211 198 130 202 137 225 78 284 -27 27 -42 34 -72 34 -22 0 -50 -8 -64 -16z\"\/><path d=\"M2275 2693 c-553 -48 -1095 -270 -1585 -649 -135 -104 -459 -423 -483 -476 -23 -49 -22 -139 2 -186 73 -142 361 -457 571 -626 285 -228 642 -407 990 -497 242 -63 336 -73 660 -74 310 0 370 5 595 52 535 111 1045 392 1455 803 122 121 250 273 275 326 19 41 19 137 0 174 -41 79 -309 363 -465 492 -447 370 -946 591 -1479 653 -113 14 -422 18 -536 8z m395 -428 c171 -34 330 -124 456 -258 112 -119 167 -219 211 -378 27 -96 24 -300 -5 -401 -72 -255 -236 -447 -474 -557 -132 -62 -201 -76 -368 -76 -167 0 -236 14 -368 76 -213 98 -373 271 -451 485 -162 444 86 934 547 1084 153 49 292 57 452 25z m909 -232 c222 -123 408 -262 593 -441 76 -74 138 -139 138 -144 0 -16 -233 -242 -330 -319 -155 -123 -309 -223 -461 -299 l-81 -41 32 46 c18 26 49 83 70 128 143 306 141 649 -6 957 -25 52 -61 116 -79 142 l-34 47 45 -20 c26 -10 76 -36 113 -56z m-2057 25 c-40 -58 -105 -190 -130 -263 -110 -324 -59 -707 132 -981 25 -35 42 -64 37 -64 -19 0 -241 119 -326 174 -188 122 -406 314 -532 468 l-58 71 108 103 c185 178 428 349 672 473 66 33 121 60 123 61 2 0 -10 -19 -26 -42z\"\/><path d=\"M2375 1950 c-198 -44 -350 -190 -395 -379 -18 -76 -8 -221 19 -290 114 -284 457 -406 731 -260 98 52 188 154 231 260 27 69 37 214 19 290 -38 163 -166 304 -326 360 -67 23 -215 33 -279 19z\"\/><\/g><\/svg><\/i> <img loading=\"lazy\" decoding=\"async\" width=\"16\" height=\"16\" alt=\"Loading\" src=\"https:\/\/alboradatixtla.com\/wp-content\/plugins\/page-views-count\/ajax-loader-2x.gif\" border=0 \/><\/p><div class=\"pvc_clear\"><\/div>\n<p><\/p>\n\n\n\n<p>Texto: Fernando Foster<\/p>\n\n\n\n<p>Chilpancingo de los Bravo, Gro., 26 agosto de 2026.\u2014 La diputada local del PRI, Mar\u00eda del Pilar Vadillo Ruiz, arremeti\u00f3 contra la diputada de Morena, Marisol Baz\u00e1n Fern\u00e1ndez, por impulsar una propuesta relacionada con la nomenclatura de calles y espacios p\u00fablicos, al considerar que existen problemas de mayor urgencia que deber\u00edan ocupar la atenci\u00f3n del Congreso de Guerrero.<\/p>\n\n\n\n<p>Durante una conferencia de prensa de la bancada priista, Vadillo Ruiz cuestion\u00f3 que Baz\u00e1n Fern\u00e1ndez se encuentre enfocada en revisar los nombres de calles, escuelas, parques y otros espacios p\u00fablicos, mientras en el estado persisten hechos de violencia y otros problemas que, sostuvo, requieren atenci\u00f3n legislativa.<\/p>\n\n\n\n<p>\u201cPrecisamente una diputada mujer est\u00e1 m\u00e1s preocupada por las nomenclaturas\u201d, reproch\u00f3 la legisladora priista, quien acus\u00f3 a Baz\u00e1n Fern\u00e1ndez de actuar a partir de un \u201cresentimiento a\u00f1ejo\u201d y de tener una limitada agenda legislativa frente a las problem\u00e1ticas que aquejan actualmente a Guerrero.<\/p>\n\n\n\n<p>Las declaraciones ocurre luego de que la diputada de Morena present\u00f3 una proposici\u00f3n con punto de acuerdo para solicitar a los 84 ayuntamientos de Guerrero y al Concejo Municipal Comunitario de Ayutla de los Libres informaci\u00f3n sobre la nomenclatura de calles y espacios p\u00fablicos que llevan nombres de personas f\u00edsicas o personajes p\u00fablicos, que fue rechazada durante la sesi\u00f3n del d\u00eda de hoy.<\/p>\n\n\n\n<p>La propuesta buscaba conocer el origen, fundamento jur\u00eddico y procedimiento mediante el cual fueron asignadas dichas denominaciones, as\u00ed como identificar los reglamentos municipales que regulan la materia.<\/p>\n\n\n\n<p>Baz\u00e1n Fern\u00e1ndez argument\u00f3 que, la revisi\u00f3n cobra relevancia por la memoria hist\u00f3rica de Guerrero y por la existencia de nombres vinculados con personajes se\u00f1alados como responsables de violaciones graves a los derechos humanos durante episodios de represi\u00f3n pol\u00edtica.<\/p>\n\n\n\n<p>Sin embargo, Vadillo Ruiz consider\u00f3 que esa discusi\u00f3n desv\u00eda la atenci\u00f3n de problemas que calific\u00f3 como prioritarios.<\/p>\n\n\n\n<p>\u201cPara ellos no hay muertos, para ellos no hay feminicidios, para ellos no hay una campa\u00f1a anticipada\u201d, expres\u00f3 la priista, al cuestionar las prioridades de Morena en el Congreso local.<\/p>\n\n\n\n<p>La diputada tambi\u00e9n hizo referencia a se\u00f1alamientos relacionados con presuntos delincuentes y a la actuaci\u00f3n de las autoridades frente a la inseguridad, al advertir que existen actores pol\u00edticos que, desde su perspectiva, estar\u00edan defendiendo o minimizando acusaciones contra personas se\u00f1aladas por actividades il\u00edcitas.<\/p>\n\n\n\n<p>En ese contexto, afirm\u00f3 que \u201ccon Estados Unidos no se juega\u201d y plante\u00f3 que existe preocupaci\u00f3n entre algunos personajes ante la posibilidad de que autoridades estadounidenses act\u00faen contra personas relacionadas con actividades delictivas.<\/p>\n\n\n\n<p>La cr\u00edtica tambi\u00e9n ocurre despu\u00e9s de que la propuesta de Baz\u00e1n Fern\u00e1ndez sobre la nomenclatura fuera rechazada en la Comisi\u00f3n Permanente con siete votos en contra y cuatro a favor, con votos de legisladores de distintas fuerzas pol\u00edticas.<\/p>\n\n\n\n<p>El punto de acuerdo no planteaba inicialmente retirar de manera inmediata nombres de calles o espacios p\u00fablicos, sino solicitar informaci\u00f3n a los municipios para construir un diagn\u00f3stico estatal que permitiera analizar posteriormente posibles reformas y criterios para la asignaci\u00f3n o modificaci\u00f3n de denominaciones.<\/p>\n\n\n\n<p>Pese a ello, la iniciativa se convirti\u00f3 en un nuevo punto de confrontaci\u00f3n entre Morena y el PRI, con Vadillo Ruiz cuestionando que la revisi\u00f3n de la nomenclatura sea una prioridad legislativa frente a la situaci\u00f3n de seguridad y violencia que enfrenta Guerrero.<\/p>\n\n\n\n<p><\/p>\n","protected":false},"excerpt":{"rendered":"<div class=\"pvc_clear\"><\/div>\n<p id=\"pvc_stats_3531\" class=\"pvc_stats all  \" data-element-id=\"3531\" style=\"\"><i class=\"pvc-stats-icon medium\" aria-hidden=\"true\"><svg xmlns=\"http:\/\/www.w3.org\/2000\/svg\" version=\"1.0\" viewBox=\"0 0 502 315\" preserveAspectRatio=\"xMidYMid meet\"><g transform=\"translate(0,332) scale(0.1,-0.1)\" fill=\"\" stroke=\"none\"><path d=\"M2394 3279 l-29 -30 -3 -207 c-2 -182 0 -211 15 -242 39 -76 157 -76 196 0 15 31 17 60 15 243 l-3 209 -33 29 c-26 23 -41 29 -80 29 -41 0 -53 -5 -78 -31z\"\/><path d=\"M3085 3251 c-45 -19 -58 -50 -96 -229 -47 -217 -49 -260 -13 -295 52 -53 146 -42 177 20 16 31 87 366 87 410 0 70 -86 122 -155 94z\"\/><path d=\"M1751 3234 c-13 -9 -29 -31 -37 -50 -12 -29 -10 -49 21 -204 19 -94 39 -189 45 -210 14 -50 54 -80 110 -80 34 0 48 6 76 34 21 21 34 44 34 59 0 14 -18 113 -40 219 -37 178 -43 195 -70 221 -36 32 -101 37 -139 11z\"\/><path d=\"M1163 3073 c-36 -7 -73 -59 -73 -102 0 -56 133 -378 171 -413 34 -32 83 -37 129 -13 70 36 67 87 -16 290 -86 209 -89 214 -129 231 -35 14 -42 15 -82 7z\"\/><path d=\"M3689 3066 c-15 -9 -33 -30 -42 -48 -48 -103 -147 -355 -147 -375 0 -98 131 -148 192 -74 13 15 57 108 97 206 80 196 84 226 37 273 -30 30 -99 39 -137 18z\"\/><path d=\"M583 2784 c-38 -19 -67 -74 -58 -113 9 -42 211 -354 242 -373 16 -10 45 -18 66 -18 51 0 107 52 107 100 0 39 -1 41 -124 234 -80 126 -108 162 -133 173 -41 17 -61 16 -100 -3z\"\/><path d=\"M4250 2784 c-14 -9 -74 -91 -133 -183 -95 -150 -107 -173 -107 -213 0 -55 33 -94 87 -104 67 -13 90 8 211 198 130 202 137 225 78 284 -27 27 -42 34 -72 34 -22 0 -50 -8 -64 -16z\"\/><path d=\"M2275 2693 c-553 -48 -1095 -270 -1585 -649 -135 -104 -459 -423 -483 -476 -23 -49 -22 -139 2 -186 73 -142 361 -457 571 -626 285 -228 642 -407 990 -497 242 -63 336 -73 660 -74 310 0 370 5 595 52 535 111 1045 392 1455 803 122 121 250 273 275 326 19 41 19 137 0 174 -41 79 -309 363 -465 492 -447 370 -946 591 -1479 653 -113 14 -422 18 -536 8z m395 -428 c171 -34 330 -124 456 -258 112 -119 167 -219 211 -378 27 -96 24 -300 -5 -401 -72 -255 -236 -447 -474 -557 -132 -62 -201 -76 -368 -76 -167 0 -236 14 -368 76 -213 98 -373 271 -451 485 -162 444 86 934 547 1084 153 49 292 57 452 25z m909 -232 c222 -123 408 -262 593 -441 76 -74 138 -139 138 -144 0 -16 -233 -242 -330 -319 -155 -123 -309 -223 -461 -299 l-81 -41 32 46 c18 26 49 83 70 128 143 306 141 649 -6 957 -25 52 -61 116 -79 142 l-34 47 45 -20 c26 -10 76 -36 113 -56z m-2057 25 c-40 -58 -105 -190 -130 -263 -110 -324 -59 -707 132 -981 25 -35 42 -64 37 -64 -19 0 -241 119 -326 174 -188 122 -406 314 -532 468 l-58 71 108 103 c185 178 428 349 672 473 66 33 121 60 123 61 2 0 -10 -19 -26 -42z\"\/><path d=\"M2375 1950 c-198 -44 -350 -190 -395 -379 -18 -76 -8 -221 19 -290 114 -284 457 -406 731 -260 98 52 188 154 231 260 27 69 37 214 19 290 -38 163 -166 304 -326 360 -67 23 -215 33 -279 19z\"\/><\/g><\/svg><\/i> <img loading=\"lazy\" decoding=\"async\" width=\"16\" height=\"16\" alt=\"Loading\" src=\"https:\/\/alboradatixtla.com\/wp-content\/plugins\/page-views-count\/ajax-loader-2x.gif\" border=0 \/><\/p>\n<div class=\"pvc_clear\"><\/div>\n<p>Texto: Fernando Foster Chilpancingo de los Bravo, Gro., 26 agosto de 2026.\u2014 La diputada local del PRI, Mar\u00eda del Pilar<\/p>\n","protected":false},"author":3,"featured_media":3532,"comment_status":"open","ping_status":"open","sticky":false,"template":"","format":"standard","meta":{"colormag_page_container_layout":"default_layout","colormag_page_sidebar_layout":"default_layout","_monsterinsights_skip_tracking":false,"episode_type":"","audio_file":"","podmotor_file_id":"","podmotor_episode_id":"","cover_image":"","cover_image_id":"","duration":"","filesize":"","filesize_raw":"","date_recorded":"","explicit":"","block":"","footnotes":"","jetpack_publicize_message":"","jetpack_publicize_feature_enabled":true,"jetpack_social_post_already_shared":true,"jetpack_social_options":{"image_generator_settings":{"template":"highway","default_image_id":0,"font":"","enabled":false},"version":2}},"categories":[9],"tags":[],"class_list":["post-3531","post","type-post","status-publish","format-standard","has-post-thumbnail","hentry","category-guerrero"],"a3_pvc":{"activated":true,"total_views":5,"today_views":0},"jetpack_publicize_connections":[],"_links":{"self":[{"href":"https:\/\/alboradatixtla.com\/index.php?rest_route=\/wp\/v2\/posts\/3531","targetHints":{"allow":["GET"]}}],"collection":[{"href":"https:\/\/alboradatixtla.com\/index.php?rest_route=\/wp\/v2\/posts"}],"about":[{"href":"https:\/\/alboradatixtla.com\/index.php?rest_route=\/wp\/v2\/types\/post"}],"author":[{"embeddable":true,"href":"https:\/\/alboradatixtla.com\/index.php?rest_route=\/wp\/v2\/users\/3"}],"replies":[{"embeddable":true,"href":"https:\/\/alboradatixtla.com\/index.php?rest_route=%2Fwp%2Fv2%2Fcomments&post=3531"}],"version-history":[{"count":1,"href":"https:\/\/alboradatixtla.com\/index.php?rest_route=\/wp\/v2\/posts\/3531\/revisions"}],"predecessor-version":[{"id":3533,"href":"https:\/\/alboradatixtla.com\/index.php?rest_route=\/wp\/v2\/posts\/3531\/revisions\/3533"}],"wp:featuredmedia":[{"embeddable":true,"href":"https:\/\/alboradatixtla.com\/index.php?rest_route=\/wp\/v2\/media\/3532"}],"wp:attachment":[{"href":"https:\/\/alboradatixtla.com\/index.php?rest_route=%2Fwp%2Fv2%2Fmedia&parent=3531"}],"wp:term":[{"taxonomy":"category","embeddable":true,"href":"https:\/\/alboradatixtla.com\/index.php?rest_route=%2Fwp%2Fv2%2Fcategories&post=3531"},{"taxonomy":"post_tag","embeddable":true,"href":"https:\/\/alboradatixtla.com\/index.php?rest_route=%2Fwp%2Fv2%2Ftags&post=3531"}],"curies":[{"name":"wp","href":"https:\/\/api.w.org\/{rel}","templated":true}]}}