{"id":3528,"date":"2026-08-26T19:17:45","date_gmt":"2026-08-27T01:17:45","guid":{"rendered":"https:\/\/alboradatixtla.com\/?p=3528"},"modified":"2026-08-26T19:17:45","modified_gmt":"2026-08-27T01:17:45","slug":"exigen-justicia-por-el-asesinato-de-la-doctora-nadia-matadama-diaz","status":"publish","type":"post","link":"https:\/\/alboradatixtla.com\/?p=3528","title":{"rendered":"Exigen justicia por el asesinato de la doctora Nadia Matadama D\u00edaz"},"content":{"rendered":"<div class=\"pvc_clear\"><\/div><p id=\"pvc_stats_3528\" class=\"pvc_stats all  \" data-element-id=\"3528\" style=\"\"><i class=\"pvc-stats-icon medium\" aria-hidden=\"true\"><svg xmlns=\"http:\/\/www.w3.org\/2000\/svg\" version=\"1.0\" viewBox=\"0 0 502 315\" preserveAspectRatio=\"xMidYMid meet\"><g transform=\"translate(0,332) scale(0.1,-0.1)\" fill=\"\" stroke=\"none\"><path d=\"M2394 3279 l-29 -30 -3 -207 c-2 -182 0 -211 15 -242 39 -76 157 -76 196 0 15 31 17 60 15 243 l-3 209 -33 29 c-26 23 -41 29 -80 29 -41 0 -53 -5 -78 -31z\"\/><path d=\"M3085 3251 c-45 -19 -58 -50 -96 -229 -47 -217 -49 -260 -13 -295 52 -53 146 -42 177 20 16 31 87 366 87 410 0 70 -86 122 -155 94z\"\/><path d=\"M1751 3234 c-13 -9 -29 -31 -37 -50 -12 -29 -10 -49 21 -204 19 -94 39 -189 45 -210 14 -50 54 -80 110 -80 34 0 48 6 76 34 21 21 34 44 34 59 0 14 -18 113 -40 219 -37 178 -43 195 -70 221 -36 32 -101 37 -139 11z\"\/><path d=\"M1163 3073 c-36 -7 -73 -59 -73 -102 0 -56 133 -378 171 -413 34 -32 83 -37 129 -13 70 36 67 87 -16 290 -86 209 -89 214 -129 231 -35 14 -42 15 -82 7z\"\/><path d=\"M3689 3066 c-15 -9 -33 -30 -42 -48 -48 -103 -147 -355 -147 -375 0 -98 131 -148 192 -74 13 15 57 108 97 206 80 196 84 226 37 273 -30 30 -99 39 -137 18z\"\/><path d=\"M583 2784 c-38 -19 -67 -74 -58 -113 9 -42 211 -354 242 -373 16 -10 45 -18 66 -18 51 0 107 52 107 100 0 39 -1 41 -124 234 -80 126 -108 162 -133 173 -41 17 -61 16 -100 -3z\"\/><path d=\"M4250 2784 c-14 -9 -74 -91 -133 -183 -95 -150 -107 -173 -107 -213 0 -55 33 -94 87 -104 67 -13 90 8 211 198 130 202 137 225 78 284 -27 27 -42 34 -72 34 -22 0 -50 -8 -64 -16z\"\/><path d=\"M2275 2693 c-553 -48 -1095 -270 -1585 -649 -135 -104 -459 -423 -483 -476 -23 -49 -22 -139 2 -186 73 -142 361 -457 571 -626 285 -228 642 -407 990 -497 242 -63 336 -73 660 -74 310 0 370 5 595 52 535 111 1045 392 1455 803 122 121 250 273 275 326 19 41 19 137 0 174 -41 79 -309 363 -465 492 -447 370 -946 591 -1479 653 -113 14 -422 18 -536 8z m395 -428 c171 -34 330 -124 456 -258 112 -119 167 -219 211 -378 27 -96 24 -300 -5 -401 -72 -255 -236 -447 -474 -557 -132 -62 -201 -76 -368 -76 -167 0 -236 14 -368 76 -213 98 -373 271 -451 485 -162 444 86 934 547 1084 153 49 292 57 452 25z m909 -232 c222 -123 408 -262 593 -441 76 -74 138 -139 138 -144 0 -16 -233 -242 -330 -319 -155 -123 -309 -223 -461 -299 l-81 -41 32 46 c18 26 49 83 70 128 143 306 141 649 -6 957 -25 52 -61 116 -79 142 l-34 47 45 -20 c26 -10 76 -36 113 -56z m-2057 25 c-40 -58 -105 -190 -130 -263 -110 -324 -59 -707 132 -981 25 -35 42 -64 37 -64 -19 0 -241 119 -326 174 -188 122 -406 314 -532 468 l-58 71 108 103 c185 178 428 349 672 473 66 33 121 60 123 61 2 0 -10 -19 -26 -42z\"\/><path d=\"M2375 1950 c-198 -44 -350 -190 -395 -379 -18 -76 -8 -221 19 -290 114 -284 457 -406 731 -260 98 52 188 154 231 260 27 69 37 214 19 290 -38 163 -166 304 -326 360 -67 23 -215 33 -279 19z\"\/><\/g><\/svg><\/i> <img loading=\"lazy\" decoding=\"async\" width=\"16\" height=\"16\" alt=\"Loading\" src=\"https:\/\/alboradatixtla.com\/wp-content\/plugins\/page-views-count\/ajax-loader-2x.gif\" border=0 \/><\/p><div class=\"pvc_clear\"><\/div>\n<p><\/p>\n\n\n\n<p>Texto: Fernando Foster<\/p>\n\n\n\n<p>Chilpancingo de los Bravo, Gro., 26 agosto de 2026.\u2014 La diputada local de Movimiento Ciudadano (MC), Erika Lorena L\u00fchrs Cort\u00e9s, exigi\u00f3 justicia por el asesinato de la doctora Nadia Vehurini Matadama D\u00edaz, m\u00e9dica y dirigente municipal de ese partido en Tlapehuala, ocurrido la noche del viernes en su domicilio en Chilpancingo.<\/p>\n\n\n\n<p>Desde el Congreso del Estado, la legisladora conden\u00f3 el homicidio y afirm\u00f3 que el caso no puede pasar inadvertido, particularmente porque se trata de una mujer que participaba activamente en la vida p\u00fablica de Guerrero.<\/p>\n\n\n\n<p>L\u00fchrs Cort\u00e9s, expres\u00f3 su solidaridad con la familia, hijos y personas cercanas a Matadama D\u00edaz, pero subray\u00f3 que el acompa\u00f1amiento no es suficiente y que corresponde a las instituciones esclarecer el crimen y llevar ante los tribunales a quienes resulten responsables.<\/p>\n\n\n\n<p>\u201cNo podemos normalizar la violencia, no podemos acostumbrarnos a que una mujer sea asesinada\u201d, sostuvo la diputada, quien advirti\u00f3 que el miedo no puede convertirse en una condici\u00f3n para que las mujeres ejerzan sus derechos pol\u00edticos y participen en asuntos p\u00fablicos.<\/p>\n\n\n\n<p>La legisladora inform\u00f3 que ya solicit\u00f3 una audiencia con el fiscal general del Estado, Zipacn\u00e1 Jes\u00fas Torres Ojeda, para abordar espec\u00edficamente el homicidio de la dirigente de Movimiento Ciudadano.<\/p>\n\n\n\n<p>Precis\u00f3 que la reuni\u00f3n est\u00e1 prevista para la pr\u00f3xima semana, una vez que ambas partes coordinen sus agendas, y adelant\u00f3 que despu\u00e9s del encuentro podr\u00e1 proporcionar mayor informaci\u00f3n sobre las l\u00edneas de investigaci\u00f3n y los avances del caso.<\/p>\n\n\n\n<p>La diputada pidi\u00f3 a la Fiscal\u00eda General del Estado (FGE) realizar una investigaci\u00f3n \u201cseria, exhaustiva, profesional, objetiva y transparente\u201d, sin descartar ninguna hip\u00f3tesis.<\/p>\n\n\n\n<p>En particular, solicit\u00f3 que se incorpore la perspectiva de g\u00e9nero y que se analicen aspectos personales, sociales y econ\u00f3micos de la v\u00edctima, pero tambi\u00e9n su actividad pol\u00edtica, debido a la responsabilidad que desempe\u00f1aba como dirigente municipal de MC.<\/p>\n\n\n\n<p>L\u00fchrs Cort\u00e9s se\u00f1al\u00f3 que, la participaci\u00f3n pol\u00edtica de las mujeres debe estar garantizada en condiciones de libertad y seguridad, sin amenazas, intimidaciones ni violencia. \u201cGuerrero no puede permitir que la violencia silencie a quienes queremos servir a las comunidades\u201d, afirm\u00f3.<\/p>\n\n\n\n<p>La legisladora tambi\u00e9n hizo referencia a otros asesinatos recientes de mujeres en la entidad y se\u00f1al\u00f3 que uno de los temas que pretende abordar con el fiscal es precisamente el n\u00famero de mujeres asesinadas y la forma en que estos casos son clasificados dentro de las carpetas de investigaci\u00f3n.<\/p>\n\n\n\n<p>Explic\u00f3 que no todos los homicidios de mujeres son necesariamente investigados inicialmente bajo la misma clasificaci\u00f3n, por lo que buscar\u00e1 conocer directamente de la Fiscal\u00eda las cifras oficiales y los criterios utilizados.<\/p>\n\n\n\n<p>L\u00fchrs Cort\u00e9s sostuvo que, la exigencia de justicia no corresponde \u00fanicamente a Movimiento Ciudadano, sino que representa una demanda para garantizar que ninguna mujer sea asesinada por ejercer su profesi\u00f3n, participar en pol\u00edtica o desarrollar actividades en beneficio de su comunidad.<\/p>\n\n\n\n<p>La diputada enfatiz\u00f3 que los hijos de Nadia Matadama D\u00edaz tienen derecho a conocer la verdad y que la sociedad guerrerense necesita instituciones capaces de responder ante hechos de esta gravedad. \u201cExigimos justicia, exigimos verdad, exigimos que este homicidio no quede en la impunidad\u201d, manifest\u00f3.<\/p>\n\n\n\n<p>Sobre la posibilidad de que la doctora hubiera recibido amenazas antes de su asesinato, la legisladora se\u00f1al\u00f3 que despu\u00e9s de su reuni\u00f3n con el fiscal estar\u00e1 en condiciones de proporcionar mayor informaci\u00f3n.<\/p>\n\n\n\n<p>Finalmente, reiter\u00f3 que mantendr\u00e1 informada a la ciudadan\u00eda sobre los resultados de la audiencia y llam\u00f3 a las autoridades a garantizar condiciones para que las mujeres puedan participar en la vida p\u00fablica sin miedo.<\/p>\n\n\n\n<p>\u201cNadia y todas las dem\u00e1s merecen justicia\u201d, afirm\u00f3 la diputada, al cerrar su posicionamiento con el llamado: \u201cNi un paso atr\u00e1s frente a la violencia\u201d.<\/p>\n","protected":false},"excerpt":{"rendered":"<div class=\"pvc_clear\"><\/div>\n<p id=\"pvc_stats_3528\" class=\"pvc_stats all  \" data-element-id=\"3528\" style=\"\"><i class=\"pvc-stats-icon medium\" aria-hidden=\"true\"><svg xmlns=\"http:\/\/www.w3.org\/2000\/svg\" version=\"1.0\" viewBox=\"0 0 502 315\" preserveAspectRatio=\"xMidYMid meet\"><g transform=\"translate(0,332) scale(0.1,-0.1)\" fill=\"\" stroke=\"none\"><path d=\"M2394 3279 l-29 -30 -3 -207 c-2 -182 0 -211 15 -242 39 -76 157 -76 196 0 15 31 17 60 15 243 l-3 209 -33 29 c-26 23 -41 29 -80 29 -41 0 -53 -5 -78 -31z\"\/><path d=\"M3085 3251 c-45 -19 -58 -50 -96 -229 -47 -217 -49 -260 -13 -295 52 -53 146 -42 177 20 16 31 87 366 87 410 0 70 -86 122 -155 94z\"\/><path d=\"M1751 3234 c-13 -9 -29 -31 -37 -50 -12 -29 -10 -49 21 -204 19 -94 39 -189 45 -210 14 -50 54 -80 110 -80 34 0 48 6 76 34 21 21 34 44 34 59 0 14 -18 113 -40 219 -37 178 -43 195 -70 221 -36 32 -101 37 -139 11z\"\/><path d=\"M1163 3073 c-36 -7 -73 -59 -73 -102 0 -56 133 -378 171 -413 34 -32 83 -37 129 -13 70 36 67 87 -16 290 -86 209 -89 214 -129 231 -35 14 -42 15 -82 7z\"\/><path d=\"M3689 3066 c-15 -9 -33 -30 -42 -48 -48 -103 -147 -355 -147 -375 0 -98 131 -148 192 -74 13 15 57 108 97 206 80 196 84 226 37 273 -30 30 -99 39 -137 18z\"\/><path d=\"M583 2784 c-38 -19 -67 -74 -58 -113 9 -42 211 -354 242 -373 16 -10 45 -18 66 -18 51 0 107 52 107 100 0 39 -1 41 -124 234 -80 126 -108 162 -133 173 -41 17 -61 16 -100 -3z\"\/><path d=\"M4250 2784 c-14 -9 -74 -91 -133 -183 -95 -150 -107 -173 -107 -213 0 -55 33 -94 87 -104 67 -13 90 8 211 198 130 202 137 225 78 284 -27 27 -42 34 -72 34 -22 0 -50 -8 -64 -16z\"\/><path d=\"M2275 2693 c-553 -48 -1095 -270 -1585 -649 -135 -104 -459 -423 -483 -476 -23 -49 -22 -139 2 -186 73 -142 361 -457 571 -626 285 -228 642 -407 990 -497 242 -63 336 -73 660 -74 310 0 370 5 595 52 535 111 1045 392 1455 803 122 121 250 273 275 326 19 41 19 137 0 174 -41 79 -309 363 -465 492 -447 370 -946 591 -1479 653 -113 14 -422 18 -536 8z m395 -428 c171 -34 330 -124 456 -258 112 -119 167 -219 211 -378 27 -96 24 -300 -5 -401 -72 -255 -236 -447 -474 -557 -132 -62 -201 -76 -368 -76 -167 0 -236 14 -368 76 -213 98 -373 271 -451 485 -162 444 86 934 547 1084 153 49 292 57 452 25z m909 -232 c222 -123 408 -262 593 -441 76 -74 138 -139 138 -144 0 -16 -233 -242 -330 -319 -155 -123 -309 -223 -461 -299 l-81 -41 32 46 c18 26 49 83 70 128 143 306 141 649 -6 957 -25 52 -61 116 -79 142 l-34 47 45 -20 c26 -10 76 -36 113 -56z m-2057 25 c-40 -58 -105 -190 -130 -263 -110 -324 -59 -707 132 -981 25 -35 42 -64 37 -64 -19 0 -241 119 -326 174 -188 122 -406 314 -532 468 l-58 71 108 103 c185 178 428 349 672 473 66 33 121 60 123 61 2 0 -10 -19 -26 -42z\"\/><path d=\"M2375 1950 c-198 -44 -350 -190 -395 -379 -18 -76 -8 -221 19 -290 114 -284 457 -406 731 -260 98 52 188 154 231 260 27 69 37 214 19 290 -38 163 -166 304 -326 360 -67 23 -215 33 -279 19z\"\/><\/g><\/svg><\/i> <img loading=\"lazy\" decoding=\"async\" width=\"16\" height=\"16\" alt=\"Loading\" src=\"https:\/\/alboradatixtla.com\/wp-content\/plugins\/page-views-count\/ajax-loader-2x.gif\" border=0 \/><\/p>\n<div class=\"pvc_clear\"><\/div>\n<p>Texto: Fernando Foster Chilpancingo de los Bravo, Gro., 26 agosto de 2026.\u2014 La diputada local de Movimiento Ciudadano (MC), Erika<\/p>\n","protected":false},"author":3,"featured_media":3529,"comment_status":"open","ping_status":"open","sticky":false,"template":"","format":"standard","meta":{"colormag_page_container_layout":"default_layout","colormag_page_sidebar_layout":"default_layout","_monsterinsights_skip_tracking":false,"episode_type":"","audio_file":"","podmotor_file_id":"","podmotor_episode_id":"","cover_image":"","cover_image_id":"","duration":"","filesize":"","filesize_raw":"","date_recorded":"","explicit":"","block":"","footnotes":"","jetpack_publicize_message":"","jetpack_publicize_feature_enabled":true,"jetpack_social_post_already_shared":true,"jetpack_social_options":{"image_generator_settings":{"template":"highway","default_image_id":0,"font":"","enabled":false},"version":2}},"categories":[20,9,18],"tags":[],"class_list":["post-3528","post","type-post","status-publish","format-standard","has-post-thumbnail","hentry","category-congreso","category-guerrero","category-seguridad"],"a3_pvc":{"activated":true,"total_views":5,"today_views":0},"jetpack_publicize_connections":[],"_links":{"self":[{"href":"https:\/\/alboradatixtla.com\/index.php?rest_route=\/wp\/v2\/posts\/3528","targetHints":{"allow":["GET"]}}],"collection":[{"href":"https:\/\/alboradatixtla.com\/index.php?rest_route=\/wp\/v2\/posts"}],"about":[{"href":"https:\/\/alboradatixtla.com\/index.php?rest_route=\/wp\/v2\/types\/post"}],"author":[{"embeddable":true,"href":"https:\/\/alboradatixtla.com\/index.php?rest_route=\/wp\/v2\/users\/3"}],"replies":[{"embeddable":true,"href":"https:\/\/alboradatixtla.com\/index.php?rest_route=%2Fwp%2Fv2%2Fcomments&post=3528"}],"version-history":[{"count":1,"href":"https:\/\/alboradatixtla.com\/index.php?rest_route=\/wp\/v2\/posts\/3528\/revisions"}],"predecessor-version":[{"id":3530,"href":"https:\/\/alboradatixtla.com\/index.php?rest_route=\/wp\/v2\/posts\/3528\/revisions\/3530"}],"wp:featuredmedia":[{"embeddable":true,"href":"https:\/\/alboradatixtla.com\/index.php?rest_route=\/wp\/v2\/media\/3529"}],"wp:attachment":[{"href":"https:\/\/alboradatixtla.com\/index.php?rest_route=%2Fwp%2Fv2%2Fmedia&parent=3528"}],"wp:term":[{"taxonomy":"category","embeddable":true,"href":"https:\/\/alboradatixtla.com\/index.php?rest_route=%2Fwp%2Fv2%2Fcategories&post=3528"},{"taxonomy":"post_tag","embeddable":true,"href":"https:\/\/alboradatixtla.com\/index.php?rest_route=%2Fwp%2Fv2%2Ftags&post=3528"}],"curies":[{"name":"wp","href":"https:\/\/api.w.org\/{rel}","templated":true}]}}