{"id":3515,"date":"2026-08-25T13:55:00","date_gmt":"2026-08-25T19:55:00","guid":{"rendered":"https:\/\/alboradatixtla.com\/?p=3515"},"modified":"2026-08-25T21:00:45","modified_gmt":"2026-08-26T03:00:45","slug":"morena-propone-a-amlo-para-recibir-la-presea-sentimientos-de-la-nacion","status":"publish","type":"post","link":"https:\/\/alboradatixtla.com\/?p=3515","title":{"rendered":"Morena propone a AMLO para recibir la Presea Sentimientos de la Naci\u00f3n"},"content":{"rendered":"<div class=\"pvc_clear\"><\/div><p id=\"pvc_stats_3515\" class=\"pvc_stats all  \" data-element-id=\"3515\" style=\"\"><i class=\"pvc-stats-icon medium\" aria-hidden=\"true\"><svg xmlns=\"http:\/\/www.w3.org\/2000\/svg\" version=\"1.0\" viewBox=\"0 0 502 315\" preserveAspectRatio=\"xMidYMid meet\"><g transform=\"translate(0,332) scale(0.1,-0.1)\" fill=\"\" stroke=\"none\"><path d=\"M2394 3279 l-29 -30 -3 -207 c-2 -182 0 -211 15 -242 39 -76 157 -76 196 0 15 31 17 60 15 243 l-3 209 -33 29 c-26 23 -41 29 -80 29 -41 0 -53 -5 -78 -31z\"\/><path d=\"M3085 3251 c-45 -19 -58 -50 -96 -229 -47 -217 -49 -260 -13 -295 52 -53 146 -42 177 20 16 31 87 366 87 410 0 70 -86 122 -155 94z\"\/><path d=\"M1751 3234 c-13 -9 -29 -31 -37 -50 -12 -29 -10 -49 21 -204 19 -94 39 -189 45 -210 14 -50 54 -80 110 -80 34 0 48 6 76 34 21 21 34 44 34 59 0 14 -18 113 -40 219 -37 178 -43 195 -70 221 -36 32 -101 37 -139 11z\"\/><path d=\"M1163 3073 c-36 -7 -73 -59 -73 -102 0 -56 133 -378 171 -413 34 -32 83 -37 129 -13 70 36 67 87 -16 290 -86 209 -89 214 -129 231 -35 14 -42 15 -82 7z\"\/><path d=\"M3689 3066 c-15 -9 -33 -30 -42 -48 -48 -103 -147 -355 -147 -375 0 -98 131 -148 192 -74 13 15 57 108 97 206 80 196 84 226 37 273 -30 30 -99 39 -137 18z\"\/><path d=\"M583 2784 c-38 -19 -67 -74 -58 -113 9 -42 211 -354 242 -373 16 -10 45 -18 66 -18 51 0 107 52 107 100 0 39 -1 41 -124 234 -80 126 -108 162 -133 173 -41 17 -61 16 -100 -3z\"\/><path d=\"M4250 2784 c-14 -9 -74 -91 -133 -183 -95 -150 -107 -173 -107 -213 0 -55 33 -94 87 -104 67 -13 90 8 211 198 130 202 137 225 78 284 -27 27 -42 34 -72 34 -22 0 -50 -8 -64 -16z\"\/><path d=\"M2275 2693 c-553 -48 -1095 -270 -1585 -649 -135 -104 -459 -423 -483 -476 -23 -49 -22 -139 2 -186 73 -142 361 -457 571 -626 285 -228 642 -407 990 -497 242 -63 336 -73 660 -74 310 0 370 5 595 52 535 111 1045 392 1455 803 122 121 250 273 275 326 19 41 19 137 0 174 -41 79 -309 363 -465 492 -447 370 -946 591 -1479 653 -113 14 -422 18 -536 8z m395 -428 c171 -34 330 -124 456 -258 112 -119 167 -219 211 -378 27 -96 24 -300 -5 -401 -72 -255 -236 -447 -474 -557 -132 -62 -201 -76 -368 -76 -167 0 -236 14 -368 76 -213 98 -373 271 -451 485 -162 444 86 934 547 1084 153 49 292 57 452 25z m909 -232 c222 -123 408 -262 593 -441 76 -74 138 -139 138 -144 0 -16 -233 -242 -330 -319 -155 -123 -309 -223 -461 -299 l-81 -41 32 46 c18 26 49 83 70 128 143 306 141 649 -6 957 -25 52 -61 116 -79 142 l-34 47 45 -20 c26 -10 76 -36 113 -56z m-2057 25 c-40 -58 -105 -190 -130 -263 -110 -324 -59 -707 132 -981 25 -35 42 -64 37 -64 -19 0 -241 119 -326 174 -188 122 -406 314 -532 468 l-58 71 108 103 c185 178 428 349 672 473 66 33 121 60 123 61 2 0 -10 -19 -26 -42z\"\/><path d=\"M2375 1950 c-198 -44 -350 -190 -395 -379 -18 -76 -8 -221 19 -290 114 -284 457 -406 731 -260 98 52 188 154 231 260 27 69 37 214 19 290 -38 163 -166 304 -326 360 -67 23 -215 33 -279 19z\"\/><\/g><\/svg><\/i> <img loading=\"lazy\" decoding=\"async\" width=\"16\" height=\"16\" alt=\"Loading\" src=\"https:\/\/alboradatixtla.com\/wp-content\/plugins\/page-views-count\/ajax-loader-2x.gif\" border=0 \/><\/p><div class=\"pvc_clear\"><\/div>\n<p>El presidente de la Junta de Coordinaci\u00f3n Pol\u00edtica del Congreso de Guerrero, Joaqu\u00edn Badillo Escamilla, inform\u00f3 que la propuesta ser\u00e1 analizada para la entrega de la m\u00e1xima distinci\u00f3n del Poder Legislativo.<\/p>\n\n\n\n<p>Tambi\u00e9n adelant\u00f3 que el \u00faltimo periodo ordinario estar\u00e1 marcado por la revisi\u00f3n de cuentas p\u00fablicas, leyes de ingresos y el presupuesto estatal.<\/p>\n\n\n\n<p>Texto: Fernando Foster<\/p>\n\n\n\n<p>Chilpancingo de los Bravo, Gro., 25 agosto de 2026.-El presidente de la Junta de Coordinaci\u00f3n Pol\u00edtica (Jucopo) del Congreso de Guerrero, Joaqu\u00edn Badillo Escamilla, inform\u00f3 que el grupo parlamentario de Morena propondr\u00e1 al expresidente de M\u00e9xico Andr\u00e9s Manuel L\u00f3pez Obrador como candidato para recibir la Presea Sentimientos de la Naci\u00f3n, una de las principales distinciones que entrega el Poder Legislativo estatal.<\/p>\n\n\n\n<p>En entrevista, Badillo Escamilla explic\u00f3 que durante la segunda sesi\u00f3n plenaria de la bancada de Morena, realizada en Acapulco, se abordaron los principales temas que formar\u00e1n parte de la agenda legislativa para el inicio del tercer a\u00f1o ordinario y \u00faltimo de la 64 Legislatura.<\/p>\n\n\n\n<p>Detall\u00f3 que a la reuni\u00f3n acudieron 17 de los 25 diputados y diputadas que integran el grupo parlamentario, por lo que se cont\u00f3 con el qu\u00f3rum legal para tomar acuerdos. Entre los asuntos revisados estuvieron las fechas para el inicio del periodo ordinario, el an\u00e1lisis de propuestas para la Presea Sentimientos de la Naci\u00f3n y diversos pendientes legislativos.<\/p>\n\n\n\n<p>Sobre la propuesta para la m\u00e1xima distinci\u00f3n del Congreso, Badillo Escamilla se\u00f1al\u00f3 que Morena considera que L\u00f3pez Obrador es una persona que merece el reconocimiento por su trayectoria y por su relaci\u00f3n con Guerrero. \u201cSi alguien se merece esa presea, alguien que le gusta la historia, que quiera Guerrero, es Andr\u00e9s Manuel L\u00f3pez Obrador\u201d, sostuvo.<\/p>\n\n\n\n<p>Reconoci\u00f3 que el exmandatario ha optado por mantenerse alejado de la vida p\u00fablica, pero asegur\u00f3 que Morena decidi\u00f3 presentar la propuesta para que sea considerada formalmente.<\/p>\n\n\n\n<p>\u201cEn Guerrero lo queremos, lo reconocemos\u201d, afirm\u00f3 el legislador, quien agreg\u00f3 que la propuesta ya fue comunicada a sus compa\u00f1eros de bancada y cuenta con su respaldo.<\/p>\n\n\n\n<p>El presidente de la Jucopo indic\u00f3 que el Congreso tendr\u00e1 que definir al recipiendario durante los primeros d\u00edas de septiembre, por lo que tambi\u00e9n hizo un llamado a la ciudadan\u00eda a presentar propuestas para la presea.<\/p>\n\n\n\n<p>Badillo Escamilla adelant\u00f3 que, uno de los principales trabajos del \u00faltimo periodo ser\u00e1 la revisi\u00f3n y dictaminaci\u00f3n de las cuentas p\u00fablicas correspondientes al ejercicio fiscal 2024, cuyo plazo legal vence el pr\u00f3ximo 30 de octubre.<\/p>\n\n\n\n<p>Tambi\u00e9n se analizar\u00e1n las evaluaciones de los poderes Ejecutivo, Legislativo y Judicial, as\u00ed como las iniciativas y puntos de acuerdo que permanecen en las m\u00e1s de 30 comisiones del Congreso estatal.<\/p>\n\n\n\n<p>En materia financiera, destac\u00f3 que comenzar\u00e1 el an\u00e1lisis de las leyes de ingresos de los municipios y organismos p\u00fablicos descentralizados, proceso en el que se mantendr\u00e1 comunicaci\u00f3n con sectores productivos y empresariales.<\/p>\n\n\n\n<p>Adem\u00e1s, como presidente de la Comisi\u00f3n de Presupuesto y Cuenta P\u00fablica, se\u00f1al\u00f3 que se trabajar\u00e1 en la construcci\u00f3n de un presupuesto estatal acorde con las necesidades de Guerrero, con atenci\u00f3n a sectores como pesca, agricultura, ganader\u00eda, desarrollo econ\u00f3mico, salud, educaci\u00f3n y seguridad p\u00fablica.<\/p>\n\n\n\n<p>Respecto a la reforma al Poder Judicial, Badillo Escamilla aclar\u00f3 que Guerrero no realizar\u00e1 en 2027 la elecci\u00f3n de magistrados y magistradas, sino que el proceso se proyecta para 2028.<\/p>\n\n\n\n<p>\u201cNosotros vamos a ir hasta el 2028\u201d, afirm\u00f3, al se\u00f1alar que existe tiempo suficiente para realizar el proceso y evitar un vac\u00edo de autoridad en materia de impartici\u00f3n de justicia.<\/p>\n\n\n\n<p>El legislador descart\u00f3 que la reforma judicial represente una urgencia para el periodo que est\u00e1 por iniciar, aunque reconoci\u00f3 que el Congreso deber\u00e1 avanzar en las adecuaciones legales necesarias.<\/p>\n\n\n\n<p>Badillo Escamilla, destac\u00f3 trabajos de modernizaci\u00f3n y conservaci\u00f3n del Congreso, entre ellos la instalaci\u00f3n de un tablero electr\u00f3nico de alta tecnolog\u00eda, mantenimiento de las instalaciones y mejoras en \u00e1reas del recinto legislativo.<\/p>\n\n\n\n<p>Asimismo, inform\u00f3 que se realizan gestiones para recuperar y trasladar al Congreso un sable atribuido a Jos\u00e9 Mar\u00eda Morelos y Pav\u00f3n, actualmente resguardado en un museo, adem\u00e1s de preservar documentos y objetos hist\u00f3ricos relacionados con la primera Constituci\u00f3n y los Sentimientos de la Naci\u00f3n.<\/p>\n\n\n\n<p>Sobre la nueva biblioteca del Congreso, se\u00f1al\u00f3 que la obra podr\u00eda quedar pr\u00e1cticamente concluida en un plazo de aproximadamente dos meses y mencion\u00f3 que originalmente se etiquetaron m\u00e1s de 15 millones de pesos para su construcci\u00f3n.<\/p>\n\n\n\n<p>Badillo Escamilla sostuvo que, estos trabajos forman parte de una visi\u00f3n para fortalecer el car\u00e1cter hist\u00f3rico y cultural del Poder Legislativo de Guerrero, adem\u00e1s de transparentar ante la ciudadan\u00eda las acciones que se realizan m\u00e1s all\u00e1 de la agenda pol\u00edtica.<\/p>\n\n\n\n<p>Adelant\u00f3 que este mi\u00e9rcoles se llevar\u00e1 a cabo la \u00faltima sesi\u00f3n de la Comisi\u00f3n Permanente, para posteriormente dar paso a la nueva Mesa Directiva y al inicio del \u00faltimo periodo ordinario de sesiones de la actual Legislatura.<\/p>\n","protected":false},"excerpt":{"rendered":"<div class=\"pvc_clear\"><\/div>\n<p id=\"pvc_stats_3515\" class=\"pvc_stats all  \" data-element-id=\"3515\" style=\"\"><i class=\"pvc-stats-icon medium\" aria-hidden=\"true\"><svg xmlns=\"http:\/\/www.w3.org\/2000\/svg\" version=\"1.0\" viewBox=\"0 0 502 315\" preserveAspectRatio=\"xMidYMid meet\"><g transform=\"translate(0,332) scale(0.1,-0.1)\" fill=\"\" stroke=\"none\"><path d=\"M2394 3279 l-29 -30 -3 -207 c-2 -182 0 -211 15 -242 39 -76 157 -76 196 0 15 31 17 60 15 243 l-3 209 -33 29 c-26 23 -41 29 -80 29 -41 0 -53 -5 -78 -31z\"\/><path d=\"M3085 3251 c-45 -19 -58 -50 -96 -229 -47 -217 -49 -260 -13 -295 52 -53 146 -42 177 20 16 31 87 366 87 410 0 70 -86 122 -155 94z\"\/><path d=\"M1751 3234 c-13 -9 -29 -31 -37 -50 -12 -29 -10 -49 21 -204 19 -94 39 -189 45 -210 14 -50 54 -80 110 -80 34 0 48 6 76 34 21 21 34 44 34 59 0 14 -18 113 -40 219 -37 178 -43 195 -70 221 -36 32 -101 37 -139 11z\"\/><path d=\"M1163 3073 c-36 -7 -73 -59 -73 -102 0 -56 133 -378 171 -413 34 -32 83 -37 129 -13 70 36 67 87 -16 290 -86 209 -89 214 -129 231 -35 14 -42 15 -82 7z\"\/><path d=\"M3689 3066 c-15 -9 -33 -30 -42 -48 -48 -103 -147 -355 -147 -375 0 -98 131 -148 192 -74 13 15 57 108 97 206 80 196 84 226 37 273 -30 30 -99 39 -137 18z\"\/><path d=\"M583 2784 c-38 -19 -67 -74 -58 -113 9 -42 211 -354 242 -373 16 -10 45 -18 66 -18 51 0 107 52 107 100 0 39 -1 41 -124 234 -80 126 -108 162 -133 173 -41 17 -61 16 -100 -3z\"\/><path d=\"M4250 2784 c-14 -9 -74 -91 -133 -183 -95 -150 -107 -173 -107 -213 0 -55 33 -94 87 -104 67 -13 90 8 211 198 130 202 137 225 78 284 -27 27 -42 34 -72 34 -22 0 -50 -8 -64 -16z\"\/><path d=\"M2275 2693 c-553 -48 -1095 -270 -1585 -649 -135 -104 -459 -423 -483 -476 -23 -49 -22 -139 2 -186 73 -142 361 -457 571 -626 285 -228 642 -407 990 -497 242 -63 336 -73 660 -74 310 0 370 5 595 52 535 111 1045 392 1455 803 122 121 250 273 275 326 19 41 19 137 0 174 -41 79 -309 363 -465 492 -447 370 -946 591 -1479 653 -113 14 -422 18 -536 8z m395 -428 c171 -34 330 -124 456 -258 112 -119 167 -219 211 -378 27 -96 24 -300 -5 -401 -72 -255 -236 -447 -474 -557 -132 -62 -201 -76 -368 -76 -167 0 -236 14 -368 76 -213 98 -373 271 -451 485 -162 444 86 934 547 1084 153 49 292 57 452 25z m909 -232 c222 -123 408 -262 593 -441 76 -74 138 -139 138 -144 0 -16 -233 -242 -330 -319 -155 -123 -309 -223 -461 -299 l-81 -41 32 46 c18 26 49 83 70 128 143 306 141 649 -6 957 -25 52 -61 116 -79 142 l-34 47 45 -20 c26 -10 76 -36 113 -56z m-2057 25 c-40 -58 -105 -190 -130 -263 -110 -324 -59 -707 132 -981 25 -35 42 -64 37 -64 -19 0 -241 119 -326 174 -188 122 -406 314 -532 468 l-58 71 108 103 c185 178 428 349 672 473 66 33 121 60 123 61 2 0 -10 -19 -26 -42z\"\/><path d=\"M2375 1950 c-198 -44 -350 -190 -395 -379 -18 -76 -8 -221 19 -290 114 -284 457 -406 731 -260 98 52 188 154 231 260 27 69 37 214 19 290 -38 163 -166 304 -326 360 -67 23 -215 33 -279 19z\"\/><\/g><\/svg><\/i> <img loading=\"lazy\" decoding=\"async\" width=\"16\" height=\"16\" alt=\"Loading\" src=\"https:\/\/alboradatixtla.com\/wp-content\/plugins\/page-views-count\/ajax-loader-2x.gif\" border=0 \/><\/p>\n<div class=\"pvc_clear\"><\/div>\n<p>El presidente de la Junta de Coordinaci\u00f3n Pol\u00edtica del Congreso de Guerrero, Joaqu\u00edn Badillo Escamilla, inform\u00f3 que la propuesta ser\u00e1<\/p>\n","protected":false},"author":3,"featured_media":3516,"comment_status":"open","ping_status":"open","sticky":false,"template":"","format":"standard","meta":{"colormag_page_container_layout":"default_layout","colormag_page_sidebar_layout":"default_layout","_monsterinsights_skip_tracking":false,"episode_type":"","audio_file":"","podmotor_file_id":"","podmotor_episode_id":"","cover_image":"","cover_image_id":"","duration":"","filesize":"","filesize_raw":"","date_recorded":"","explicit":"","block":"","footnotes":"","jetpack_publicize_message":"","jetpack_publicize_feature_enabled":true,"jetpack_social_post_already_shared":true,"jetpack_social_options":{"image_generator_settings":{"template":"highway","default_image_id":0,"font":"","enabled":false},"version":2}},"categories":[9],"tags":[],"class_list":["post-3515","post","type-post","status-publish","format-standard","has-post-thumbnail","hentry","category-guerrero"],"a3_pvc":{"activated":true,"total_views":3,"today_views":0},"jetpack_publicize_connections":[],"_links":{"self":[{"href":"https:\/\/alboradatixtla.com\/index.php?rest_route=\/wp\/v2\/posts\/3515","targetHints":{"allow":["GET"]}}],"collection":[{"href":"https:\/\/alboradatixtla.com\/index.php?rest_route=\/wp\/v2\/posts"}],"about":[{"href":"https:\/\/alboradatixtla.com\/index.php?rest_route=\/wp\/v2\/types\/post"}],"author":[{"embeddable":true,"href":"https:\/\/alboradatixtla.com\/index.php?rest_route=\/wp\/v2\/users\/3"}],"replies":[{"embeddable":true,"href":"https:\/\/alboradatixtla.com\/index.php?rest_route=%2Fwp%2Fv2%2Fcomments&post=3515"}],"version-history":[{"count":1,"href":"https:\/\/alboradatixtla.com\/index.php?rest_route=\/wp\/v2\/posts\/3515\/revisions"}],"predecessor-version":[{"id":3517,"href":"https:\/\/alboradatixtla.com\/index.php?rest_route=\/wp\/v2\/posts\/3515\/revisions\/3517"}],"wp:featuredmedia":[{"embeddable":true,"href":"https:\/\/alboradatixtla.com\/index.php?rest_route=\/wp\/v2\/media\/3516"}],"wp:attachment":[{"href":"https:\/\/alboradatixtla.com\/index.php?rest_route=%2Fwp%2Fv2%2Fmedia&parent=3515"}],"wp:term":[{"taxonomy":"category","embeddable":true,"href":"https:\/\/alboradatixtla.com\/index.php?rest_route=%2Fwp%2Fv2%2Fcategories&post=3515"},{"taxonomy":"post_tag","embeddable":true,"href":"https:\/\/alboradatixtla.com\/index.php?rest_route=%2Fwp%2Fv2%2Ftags&post=3515"}],"curies":[{"name":"wp","href":"https:\/\/api.w.org\/{rel}","templated":true}]}}