{"id":3505,"date":"2026-08-25T15:30:00","date_gmt":"2026-08-25T21:30:00","guid":{"rendered":"https:\/\/alboradatixtla.com\/?p=3505"},"modified":"2026-08-25T20:36:28","modified_gmt":"2026-08-26T02:36:28","slug":"realizan-en-el-congreso-un-foro-sobre-presupuesto-y-futuro-del-mezcal-guerrerense","status":"publish","type":"post","link":"https:\/\/alboradatixtla.com\/?p=3505","title":{"rendered":"&#8220;Realizan en el Congreso un foro sobre presupuesto y futuro del mezcal guerrerense&#8221;"},"content":{"rendered":"<div class=\"pvc_clear\"><\/div><p id=\"pvc_stats_3505\" class=\"pvc_stats all  \" data-element-id=\"3505\" style=\"\"><i class=\"pvc-stats-icon medium\" aria-hidden=\"true\"><svg xmlns=\"http:\/\/www.w3.org\/2000\/svg\" version=\"1.0\" viewBox=\"0 0 502 315\" preserveAspectRatio=\"xMidYMid meet\"><g transform=\"translate(0,332) scale(0.1,-0.1)\" fill=\"\" stroke=\"none\"><path d=\"M2394 3279 l-29 -30 -3 -207 c-2 -182 0 -211 15 -242 39 -76 157 -76 196 0 15 31 17 60 15 243 l-3 209 -33 29 c-26 23 -41 29 -80 29 -41 0 -53 -5 -78 -31z\"\/><path d=\"M3085 3251 c-45 -19 -58 -50 -96 -229 -47 -217 -49 -260 -13 -295 52 -53 146 -42 177 20 16 31 87 366 87 410 0 70 -86 122 -155 94z\"\/><path d=\"M1751 3234 c-13 -9 -29 -31 -37 -50 -12 -29 -10 -49 21 -204 19 -94 39 -189 45 -210 14 -50 54 -80 110 -80 34 0 48 6 76 34 21 21 34 44 34 59 0 14 -18 113 -40 219 -37 178 -43 195 -70 221 -36 32 -101 37 -139 11z\"\/><path d=\"M1163 3073 c-36 -7 -73 -59 -73 -102 0 -56 133 -378 171 -413 34 -32 83 -37 129 -13 70 36 67 87 -16 290 -86 209 -89 214 -129 231 -35 14 -42 15 -82 7z\"\/><path d=\"M3689 3066 c-15 -9 -33 -30 -42 -48 -48 -103 -147 -355 -147 -375 0 -98 131 -148 192 -74 13 15 57 108 97 206 80 196 84 226 37 273 -30 30 -99 39 -137 18z\"\/><path d=\"M583 2784 c-38 -19 -67 -74 -58 -113 9 -42 211 -354 242 -373 16 -10 45 -18 66 -18 51 0 107 52 107 100 0 39 -1 41 -124 234 -80 126 -108 162 -133 173 -41 17 -61 16 -100 -3z\"\/><path d=\"M4250 2784 c-14 -9 -74 -91 -133 -183 -95 -150 -107 -173 -107 -213 0 -55 33 -94 87 -104 67 -13 90 8 211 198 130 202 137 225 78 284 -27 27 -42 34 -72 34 -22 0 -50 -8 -64 -16z\"\/><path d=\"M2275 2693 c-553 -48 -1095 -270 -1585 -649 -135 -104 -459 -423 -483 -476 -23 -49 -22 -139 2 -186 73 -142 361 -457 571 -626 285 -228 642 -407 990 -497 242 -63 336 -73 660 -74 310 0 370 5 595 52 535 111 1045 392 1455 803 122 121 250 273 275 326 19 41 19 137 0 174 -41 79 -309 363 -465 492 -447 370 -946 591 -1479 653 -113 14 -422 18 -536 8z m395 -428 c171 -34 330 -124 456 -258 112 -119 167 -219 211 -378 27 -96 24 -300 -5 -401 -72 -255 -236 -447 -474 -557 -132 -62 -201 -76 -368 -76 -167 0 -236 14 -368 76 -213 98 -373 271 -451 485 -162 444 86 934 547 1084 153 49 292 57 452 25z m909 -232 c222 -123 408 -262 593 -441 76 -74 138 -139 138 -144 0 -16 -233 -242 -330 -319 -155 -123 -309 -223 -461 -299 l-81 -41 32 46 c18 26 49 83 70 128 143 306 141 649 -6 957 -25 52 -61 116 -79 142 l-34 47 45 -20 c26 -10 76 -36 113 -56z m-2057 25 c-40 -58 -105 -190 -130 -263 -110 -324 -59 -707 132 -981 25 -35 42 -64 37 -64 -19 0 -241 119 -326 174 -188 122 -406 314 -532 468 l-58 71 108 103 c185 178 428 349 672 473 66 33 121 60 123 61 2 0 -10 -19 -26 -42z\"\/><path d=\"M2375 1950 c-198 -44 -350 -190 -395 -379 -18 -76 -8 -221 19 -290 114 -284 457 -406 731 -260 98 52 188 154 231 260 27 69 37 214 19 290 -38 163 -166 304 -326 360 -67 23 -215 33 -279 19z\"\/><\/g><\/svg><\/i> <img loading=\"lazy\" decoding=\"async\" width=\"16\" height=\"16\" alt=\"Loading\" src=\"https:\/\/alboradatixtla.com\/wp-content\/plugins\/page-views-count\/ajax-loader-2x.gif\" border=0 \/><\/p><div class=\"pvc_clear\"><\/div>\n<p>Chilpancingo, Gro., 25 de agosto de 2026.- El Congreso de Guerrero, en coordinaci\u00f3n con las asociaciones Colectivo Maguey, Mujeres del Mezcal y Destilados de M\u00e9xico, y Moderniza IEPS, desarroll\u00f3 este martes el foro \u201cPresupuestos justos, tierra y tradici\u00f3n: el futuro del mezcal artesanal\u201d, con el objeto de conocer las necesidades y retos de este importante sector productivo de la entidad.<\/p>\n\n\n\n<p>Durante la inauguraci\u00f3n del evento, el diputado Joaqu\u00edn Badillo Escamilla, presidente de la Junta de Coordinaci\u00f3n Pol\u00edtica, destac\u00f3 la relevancia de realizar este foro en el Congreso, por ser el canal, instrumento y v\u00ednculo adecuado para enfocarse en la tarea de lograr un marco legal acorde a las necesidades del sector.<\/p>\n\n\n\n<p>El legislador se pronunci\u00f3 a favor de que estos foros y mesas de trabajo sobre el mezcal guerrerense se traduzcan en acciones concretas y no queden en documentos o fotograf\u00edas, sino que permitan generar condiciones favorables para quienes desarrollan esta actividad productiva, coadyuvando a la mejora del proceso de siembra y elaboraci\u00f3n, envasado, etiquetado y exportaci\u00f3n de la tradicional bebida.<\/p>\n\n\n\n<p>Manifest\u00f3, asimismo, que si trabajan coordinadamente sociedad, gobierno, maestros mezcaleros y toda la cadena productiva, se puede impulsar esta industria a grande niveles, generar empleos, mejorar la calidad de vida de las comunidades y posicionar al mezcal guerrerense como un referente a nivel nacional e internacional.<\/p>\n\n\n\n<p>En su oportunidad, el diputado Alejandro Carabias Icaza, presidente de la Mesa Directiva, manifest\u00f3 que este espacio de di\u00e1logo tiene el prop\u00f3sito de fortalecer una actividad vinculada con la historia, identidad y desarrollo de Guerrero.<\/p>\n\n\n\n<figure class=\"wp-block-gallery has-nested-images columns-default is-cropped wp-block-gallery-1 is-layout-flex wp-block-gallery-is-layout-flex\">\n<figure class=\"wp-block-image size-large\"><img loading=\"lazy\" decoding=\"async\" width=\"1024\" height=\"682\" data-id=\"3507\" src=\"https:\/\/alboradatixtla.com\/wp-content\/uploads\/2026\/08\/WhatsApp-Image-2026-08-25-at-3.24.49-PM-1-1024x682.jpeg\" alt=\"\" class=\"wp-image-3507\" srcset=\"https:\/\/alboradatixtla.com\/wp-content\/uploads\/2026\/08\/WhatsApp-Image-2026-08-25-at-3.24.49-PM-1-1024x682.jpeg 1024w, https:\/\/alboradatixtla.com\/wp-content\/uploads\/2026\/08\/WhatsApp-Image-2026-08-25-at-3.24.49-PM-1-300x200.jpeg 300w, https:\/\/alboradatixtla.com\/wp-content\/uploads\/2026\/08\/WhatsApp-Image-2026-08-25-at-3.24.49-PM-1-768x512.jpeg 768w, https:\/\/alboradatixtla.com\/wp-content\/uploads\/2026\/08\/WhatsApp-Image-2026-08-25-at-3.24.49-PM-1.jpeg 1280w\" sizes=\"auto, (max-width: 1024px) 100vw, 1024px\" \/><\/figure>\n\n\n\n<figure class=\"wp-block-image size-large\"><img loading=\"lazy\" decoding=\"async\" width=\"682\" height=\"1024\" data-id=\"3509\" src=\"https:\/\/alboradatixtla.com\/wp-content\/uploads\/2026\/08\/WhatsApp-Image-2026-08-25-at-3.25.01-PM-682x1024.jpeg\" alt=\"\" class=\"wp-image-3509\" srcset=\"https:\/\/alboradatixtla.com\/wp-content\/uploads\/2026\/08\/WhatsApp-Image-2026-08-25-at-3.25.01-PM-682x1024.jpeg 682w, https:\/\/alboradatixtla.com\/wp-content\/uploads\/2026\/08\/WhatsApp-Image-2026-08-25-at-3.25.01-PM-200x300.jpeg 200w, https:\/\/alboradatixtla.com\/wp-content\/uploads\/2026\/08\/WhatsApp-Image-2026-08-25-at-3.25.01-PM-768x1152.jpeg 768w, https:\/\/alboradatixtla.com\/wp-content\/uploads\/2026\/08\/WhatsApp-Image-2026-08-25-at-3.25.01-PM.jpeg 853w\" sizes=\"auto, (max-width: 682px) 100vw, 682px\" \/><\/figure>\n\n\n\n<figure class=\"wp-block-image size-large\"><img loading=\"lazy\" decoding=\"async\" width=\"1024\" height=\"682\" data-id=\"3508\" src=\"https:\/\/alboradatixtla.com\/wp-content\/uploads\/2026\/08\/WhatsApp-Image-2026-08-25-at-3.25.14-PM-1024x682.jpeg\" alt=\"\" class=\"wp-image-3508\" srcset=\"https:\/\/alboradatixtla.com\/wp-content\/uploads\/2026\/08\/WhatsApp-Image-2026-08-25-at-3.25.14-PM-1024x682.jpeg 1024w, https:\/\/alboradatixtla.com\/wp-content\/uploads\/2026\/08\/WhatsApp-Image-2026-08-25-at-3.25.14-PM-300x200.jpeg 300w, https:\/\/alboradatixtla.com\/wp-content\/uploads\/2026\/08\/WhatsApp-Image-2026-08-25-at-3.25.14-PM-768x512.jpeg 768w, https:\/\/alboradatixtla.com\/wp-content\/uploads\/2026\/08\/WhatsApp-Image-2026-08-25-at-3.25.14-PM.jpeg 1280w\" sizes=\"auto, (max-width: 1024px) 100vw, 1024px\" \/><\/figure>\n\n\n\n<figure class=\"wp-block-image size-large\"><img loading=\"lazy\" decoding=\"async\" width=\"1024\" height=\"682\" data-id=\"3510\" src=\"https:\/\/alboradatixtla.com\/wp-content\/uploads\/2026\/08\/WhatsApp-Image-2026-08-25-at-3.25.34-PM-1024x682.jpeg\" alt=\"\" class=\"wp-image-3510\" srcset=\"https:\/\/alboradatixtla.com\/wp-content\/uploads\/2026\/08\/WhatsApp-Image-2026-08-25-at-3.25.34-PM-1024x682.jpeg 1024w, https:\/\/alboradatixtla.com\/wp-content\/uploads\/2026\/08\/WhatsApp-Image-2026-08-25-at-3.25.34-PM-300x200.jpeg 300w, https:\/\/alboradatixtla.com\/wp-content\/uploads\/2026\/08\/WhatsApp-Image-2026-08-25-at-3.25.34-PM-768x512.jpeg 768w, https:\/\/alboradatixtla.com\/wp-content\/uploads\/2026\/08\/WhatsApp-Image-2026-08-25-at-3.25.34-PM.jpeg 1280w\" sizes=\"auto, (max-width: 1024px) 100vw, 1024px\" \/><\/figure>\n<\/figure>\n\n\n\n<p>\u201cHablar del mezcal guerrerense es hablar del trabajo de generaciones de hombres y mujeres que han preservado conocimientos, t\u00e9cnicas y tradiciones que forman parte del patrimonio cultural, pero que adem\u00e1s representa el sustento de miles de familias\u201d, remarc\u00f3.<\/p>\n\n\n\n<p>Por su parte, la diputada Leticia Mosso Hern\u00e1ndez, organizadora del evento, se\u00f1al\u00f3 que \u201cel mezcal de Guerrero representa mucho m\u00e1s que una actividad econ\u00f3mica; constituye una expresi\u00f3n de identidad, territorio y conocimientos tradicionales preservados durante generaciones\u201d.<\/p>\n\n\n\n<p>En ese sentido, hizo un reconocimiento a las maestras y maestros mezcaleros, productores de agave, especialistas, acad\u00e9micos, organizaciones y autoridades que participan en esta actividad, porque con su incansable esfuerzo han logrado que el mezcal guerrerense tenga presencia en mercados nacionales e internacionales.<\/p>\n\n\n\n<p>Destac\u00f3, asimismo, la participaci\u00f3n de las mujeres en toda la cadena productiva del mezcal, desde el trabajo con el agave y la elaboraci\u00f3n, hasta el envasado y la comercializaci\u00f3n.<\/p>\n\n\n\n<p>\u201cFortalecer al sector tambi\u00e9n implica avanzar en materia de equidad de g\u00e9nero, por eso desde el Congreso buscamos que las maestras mezcaleras tengan el mismo reconocimiento, espacios y oportunidades que los hombres, adem\u00e1s de impulsar su profesionalizaci\u00f3n y posicionamiento\u201d, subray\u00f3.<\/p>\n\n\n\n<p>En su intervenci\u00f3n, el diputado P\u00e1nfilo S\u00e1nchez Almaz\u00e1n se congratul\u00f3 porque el Congreso abre sus puertas a los productores mezcaleros, con toda la disposici\u00f3n de escucharlos y encontrar mecanismos para el fortalecimiento de la actividad productiva.<br>Por su parte, el diputado Jorge Iv\u00e1n Ortega Jim\u00e9nez llam\u00f3 a no pasar por alto la inquietud de los productores relacionada con el Impuesto Especial sobre Producci\u00f3n y Servicios (IEPS).<\/p>\n\n\n\n<p>\u201cNo podemos exigir cada vez m\u00e1s al productor artesanal, si por otro lado las condiciones econ\u00f3micas dificultan su crecimiento, su formalizaci\u00f3n y su acceso a nuevos mercados. Por eso, de este foro deben salir propuestas y compromisos que se puedan llevar a las instancias correspondientes\u201d, apunt\u00f3.<\/p>\n\n\n\n<p>En su intervenci\u00f3n, las y los productores pidieron al Congreso el respaldo decidido para que su producto pueda certificarse y comercializarse en otros pa\u00edses.<\/p>\n\n\n\n<p>Este foro const\u00f3 de tres mesas de trabajo: \u201cEl Impacto del IEPS\u201d, \u201cMujeres del mezcal: retos y perspectiva de g\u00e9nero en la industria artesanal\u201d y \u201cVivencias y retos del mezcal\u201d.<\/p>\n\n\n\n<p>Participaron Pablo Almuli, del colectivo Maguey; Yolanda Leticia Ruiz, de Mujeres por el Mezcal y Destilados de M\u00e9xico; Jos\u00e9 Eraclio Delucas Gonz\u00e1lez, de Moderniza IEPS; Beatriz Valenzo Campo, de Mujeres por el Mezcal en Guerrero; Jos\u00e9 Robledo, presidente del Sistema Producto Maguey-Mezcal de Guerrero; Roberto Vargas Soto, director de Certificaci\u00f3n Mexicana, as\u00ed como productores mezcaleros de las distintas regiones del estado.<\/p>\n","protected":false},"excerpt":{"rendered":"<div class=\"pvc_clear\"><\/div>\n<p id=\"pvc_stats_3505\" class=\"pvc_stats all  \" data-element-id=\"3505\" style=\"\"><i class=\"pvc-stats-icon medium\" aria-hidden=\"true\"><svg xmlns=\"http:\/\/www.w3.org\/2000\/svg\" version=\"1.0\" viewBox=\"0 0 502 315\" preserveAspectRatio=\"xMidYMid meet\"><g transform=\"translate(0,332) scale(0.1,-0.1)\" fill=\"\" stroke=\"none\"><path d=\"M2394 3279 l-29 -30 -3 -207 c-2 -182 0 -211 15 -242 39 -76 157 -76 196 0 15 31 17 60 15 243 l-3 209 -33 29 c-26 23 -41 29 -80 29 -41 0 -53 -5 -78 -31z\"\/><path d=\"M3085 3251 c-45 -19 -58 -50 -96 -229 -47 -217 -49 -260 -13 -295 52 -53 146 -42 177 20 16 31 87 366 87 410 0 70 -86 122 -155 94z\"\/><path d=\"M1751 3234 c-13 -9 -29 -31 -37 -50 -12 -29 -10 -49 21 -204 19 -94 39 -189 45 -210 14 -50 54 -80 110 -80 34 0 48 6 76 34 21 21 34 44 34 59 0 14 -18 113 -40 219 -37 178 -43 195 -70 221 -36 32 -101 37 -139 11z\"\/><path d=\"M1163 3073 c-36 -7 -73 -59 -73 -102 0 -56 133 -378 171 -413 34 -32 83 -37 129 -13 70 36 67 87 -16 290 -86 209 -89 214 -129 231 -35 14 -42 15 -82 7z\"\/><path d=\"M3689 3066 c-15 -9 -33 -30 -42 -48 -48 -103 -147 -355 -147 -375 0 -98 131 -148 192 -74 13 15 57 108 97 206 80 196 84 226 37 273 -30 30 -99 39 -137 18z\"\/><path d=\"M583 2784 c-38 -19 -67 -74 -58 -113 9 -42 211 -354 242 -373 16 -10 45 -18 66 -18 51 0 107 52 107 100 0 39 -1 41 -124 234 -80 126 -108 162 -133 173 -41 17 -61 16 -100 -3z\"\/><path d=\"M4250 2784 c-14 -9 -74 -91 -133 -183 -95 -150 -107 -173 -107 -213 0 -55 33 -94 87 -104 67 -13 90 8 211 198 130 202 137 225 78 284 -27 27 -42 34 -72 34 -22 0 -50 -8 -64 -16z\"\/><path d=\"M2275 2693 c-553 -48 -1095 -270 -1585 -649 -135 -104 -459 -423 -483 -476 -23 -49 -22 -139 2 -186 73 -142 361 -457 571 -626 285 -228 642 -407 990 -497 242 -63 336 -73 660 -74 310 0 370 5 595 52 535 111 1045 392 1455 803 122 121 250 273 275 326 19 41 19 137 0 174 -41 79 -309 363 -465 492 -447 370 -946 591 -1479 653 -113 14 -422 18 -536 8z m395 -428 c171 -34 330 -124 456 -258 112 -119 167 -219 211 -378 27 -96 24 -300 -5 -401 -72 -255 -236 -447 -474 -557 -132 -62 -201 -76 -368 -76 -167 0 -236 14 -368 76 -213 98 -373 271 -451 485 -162 444 86 934 547 1084 153 49 292 57 452 25z m909 -232 c222 -123 408 -262 593 -441 76 -74 138 -139 138 -144 0 -16 -233 -242 -330 -319 -155 -123 -309 -223 -461 -299 l-81 -41 32 46 c18 26 49 83 70 128 143 306 141 649 -6 957 -25 52 -61 116 -79 142 l-34 47 45 -20 c26 -10 76 -36 113 -56z m-2057 25 c-40 -58 -105 -190 -130 -263 -110 -324 -59 -707 132 -981 25 -35 42 -64 37 -64 -19 0 -241 119 -326 174 -188 122 -406 314 -532 468 l-58 71 108 103 c185 178 428 349 672 473 66 33 121 60 123 61 2 0 -10 -19 -26 -42z\"\/><path d=\"M2375 1950 c-198 -44 -350 -190 -395 -379 -18 -76 -8 -221 19 -290 114 -284 457 -406 731 -260 98 52 188 154 231 260 27 69 37 214 19 290 -38 163 -166 304 -326 360 -67 23 -215 33 -279 19z\"\/><\/g><\/svg><\/i> <img loading=\"lazy\" decoding=\"async\" width=\"16\" height=\"16\" alt=\"Loading\" src=\"https:\/\/alboradatixtla.com\/wp-content\/plugins\/page-views-count\/ajax-loader-2x.gif\" border=0 \/><\/p>\n<div class=\"pvc_clear\"><\/div>\n<p>Chilpancingo, Gro., 25 de agosto de 2026.- El Congreso de Guerrero, en coordinaci\u00f3n con las asociaciones Colectivo Maguey, Mujeres del<\/p>\n","protected":false},"author":3,"featured_media":3506,"comment_status":"open","ping_status":"open","sticky":false,"template":"","format":"standard","meta":{"colormag_page_container_layout":"default_layout","colormag_page_sidebar_layout":"default_layout","_monsterinsights_skip_tracking":false,"episode_type":"","audio_file":"","podmotor_file_id":"","podmotor_episode_id":"","cover_image":"","cover_image_id":"","duration":"","filesize":"","filesize_raw":"","date_recorded":"","explicit":"","block":"","footnotes":"","jetpack_publicize_message":"","jetpack_publicize_feature_enabled":true,"jetpack_social_post_already_shared":true,"jetpack_social_options":{"image_generator_settings":{"template":"highway","default_image_id":0,"font":"","enabled":false},"version":2}},"categories":[28,9,13,24],"tags":[],"class_list":["post-3505","post","type-post","status-publish","format-standard","has-post-thumbnail","hentry","category-economia","category-guerrero","category-recientes","category-municipios"],"a3_pvc":{"activated":true,"total_views":5,"today_views":0},"jetpack_publicize_connections":[],"_links":{"self":[{"href":"https:\/\/alboradatixtla.com\/index.php?rest_route=\/wp\/v2\/posts\/3505","targetHints":{"allow":["GET"]}}],"collection":[{"href":"https:\/\/alboradatixtla.com\/index.php?rest_route=\/wp\/v2\/posts"}],"about":[{"href":"https:\/\/alboradatixtla.com\/index.php?rest_route=\/wp\/v2\/types\/post"}],"author":[{"embeddable":true,"href":"https:\/\/alboradatixtla.com\/index.php?rest_route=\/wp\/v2\/users\/3"}],"replies":[{"embeddable":true,"href":"https:\/\/alboradatixtla.com\/index.php?rest_route=%2Fwp%2Fv2%2Fcomments&post=3505"}],"version-history":[{"count":1,"href":"https:\/\/alboradatixtla.com\/index.php?rest_route=\/wp\/v2\/posts\/3505\/revisions"}],"predecessor-version":[{"id":3511,"href":"https:\/\/alboradatixtla.com\/index.php?rest_route=\/wp\/v2\/posts\/3505\/revisions\/3511"}],"wp:featuredmedia":[{"embeddable":true,"href":"https:\/\/alboradatixtla.com\/index.php?rest_route=\/wp\/v2\/media\/3506"}],"wp:attachment":[{"href":"https:\/\/alboradatixtla.com\/index.php?rest_route=%2Fwp%2Fv2%2Fmedia&parent=3505"}],"wp:term":[{"taxonomy":"category","embeddable":true,"href":"https:\/\/alboradatixtla.com\/index.php?rest_route=%2Fwp%2Fv2%2Fcategories&post=3505"},{"taxonomy":"post_tag","embeddable":true,"href":"https:\/\/alboradatixtla.com\/index.php?rest_route=%2Fwp%2Fv2%2Ftags&post=3505"}],"curies":[{"name":"wp","href":"https:\/\/api.w.org\/{rel}","templated":true}]}}