{"id":3497,"date":"2026-08-25T17:40:00","date_gmt":"2026-08-25T23:40:00","guid":{"rendered":"https:\/\/alboradatixtla.com\/?p=3497"},"modified":"2026-08-25T20:09:45","modified_gmt":"2026-08-26T02:09:45","slug":"fortalecen-instituciones-de-seguridad-prevencion-de-la-extorsion-con-capacitacion-a-empresarios-y-comerciantes-de-guerrero","status":"publish","type":"post","link":"https:\/\/alboradatixtla.com\/?p=3497","title":{"rendered":"Fortalecen instituciones de seguridad prevenci\u00f3n de la extorsi\u00f3n con capacitaci\u00f3n a empresarios y comerciantes de Guerrero"},"content":{"rendered":"<div class=\"pvc_clear\"><\/div><p id=\"pvc_stats_3497\" class=\"pvc_stats all  \" data-element-id=\"3497\" style=\"\"><i class=\"pvc-stats-icon medium\" aria-hidden=\"true\"><svg xmlns=\"http:\/\/www.w3.org\/2000\/svg\" version=\"1.0\" viewBox=\"0 0 502 315\" preserveAspectRatio=\"xMidYMid meet\"><g transform=\"translate(0,332) scale(0.1,-0.1)\" fill=\"\" stroke=\"none\"><path d=\"M2394 3279 l-29 -30 -3 -207 c-2 -182 0 -211 15 -242 39 -76 157 -76 196 0 15 31 17 60 15 243 l-3 209 -33 29 c-26 23 -41 29 -80 29 -41 0 -53 -5 -78 -31z\"\/><path d=\"M3085 3251 c-45 -19 -58 -50 -96 -229 -47 -217 -49 -260 -13 -295 52 -53 146 -42 177 20 16 31 87 366 87 410 0 70 -86 122 -155 94z\"\/><path d=\"M1751 3234 c-13 -9 -29 -31 -37 -50 -12 -29 -10 -49 21 -204 19 -94 39 -189 45 -210 14 -50 54 -80 110 -80 34 0 48 6 76 34 21 21 34 44 34 59 0 14 -18 113 -40 219 -37 178 -43 195 -70 221 -36 32 -101 37 -139 11z\"\/><path d=\"M1163 3073 c-36 -7 -73 -59 -73 -102 0 -56 133 -378 171 -413 34 -32 83 -37 129 -13 70 36 67 87 -16 290 -86 209 -89 214 -129 231 -35 14 -42 15 -82 7z\"\/><path d=\"M3689 3066 c-15 -9 -33 -30 -42 -48 -48 -103 -147 -355 -147 -375 0 -98 131 -148 192 -74 13 15 57 108 97 206 80 196 84 226 37 273 -30 30 -99 39 -137 18z\"\/><path d=\"M583 2784 c-38 -19 -67 -74 -58 -113 9 -42 211 -354 242 -373 16 -10 45 -18 66 -18 51 0 107 52 107 100 0 39 -1 41 -124 234 -80 126 -108 162 -133 173 -41 17 -61 16 -100 -3z\"\/><path d=\"M4250 2784 c-14 -9 -74 -91 -133 -183 -95 -150 -107 -173 -107 -213 0 -55 33 -94 87 -104 67 -13 90 8 211 198 130 202 137 225 78 284 -27 27 -42 34 -72 34 -22 0 -50 -8 -64 -16z\"\/><path d=\"M2275 2693 c-553 -48 -1095 -270 -1585 -649 -135 -104 -459 -423 -483 -476 -23 -49 -22 -139 2 -186 73 -142 361 -457 571 -626 285 -228 642 -407 990 -497 242 -63 336 -73 660 -74 310 0 370 5 595 52 535 111 1045 392 1455 803 122 121 250 273 275 326 19 41 19 137 0 174 -41 79 -309 363 -465 492 -447 370 -946 591 -1479 653 -113 14 -422 18 -536 8z m395 -428 c171 -34 330 -124 456 -258 112 -119 167 -219 211 -378 27 -96 24 -300 -5 -401 -72 -255 -236 -447 -474 -557 -132 -62 -201 -76 -368 -76 -167 0 -236 14 -368 76 -213 98 -373 271 -451 485 -162 444 86 934 547 1084 153 49 292 57 452 25z m909 -232 c222 -123 408 -262 593 -441 76 -74 138 -139 138 -144 0 -16 -233 -242 -330 -319 -155 -123 -309 -223 -461 -299 l-81 -41 32 46 c18 26 49 83 70 128 143 306 141 649 -6 957 -25 52 -61 116 -79 142 l-34 47 45 -20 c26 -10 76 -36 113 -56z m-2057 25 c-40 -58 -105 -190 -130 -263 -110 -324 -59 -707 132 -981 25 -35 42 -64 37 -64 -19 0 -241 119 -326 174 -188 122 -406 314 -532 468 l-58 71 108 103 c185 178 428 349 672 473 66 33 121 60 123 61 2 0 -10 -19 -26 -42z\"\/><path d=\"M2375 1950 c-198 -44 -350 -190 -395 -379 -18 -76 -8 -221 19 -290 114 -284 457 -406 731 -260 98 52 188 154 231 260 27 69 37 214 19 290 -38 163 -166 304 -326 360 -67 23 -215 33 -279 19z\"\/><\/g><\/svg><\/i> <img loading=\"lazy\" decoding=\"async\" width=\"16\" height=\"16\" alt=\"Loading\" src=\"https:\/\/alboradatixtla.com\/wp-content\/plugins\/page-views-count\/ajax-loader-2x.gif\" border=0 \/><\/p><div class=\"pvc_clear\"><\/div>\n<p>Acapulco, Gro., 25 de agosto de 2026.- Como parte de la coordinaci\u00f3n entre autoridades y sociedad civil para fortalecer la seguridad, personal de la Fiscal\u00eda General del Estado de Guerrero (FGE) imparti\u00f3 una capacitaci\u00f3n a empresarios, restauranteros, comerciantes y representantes de c\u00e1maras del sector tur\u00edstico, con el prop\u00f3sito de brindar herramientas para prevenir el delito y, particularmente, identificar y atender posibles casos de extorsi\u00f3n.<\/p>\n\n\n\n<p>Durante el encuentro, las autoridades expusieron estrategias de prevenci\u00f3n y atenci\u00f3n, as\u00ed como mecanismos de inteligencia y coordinaci\u00f3n que permiten reducir situaciones de riesgo y fortalecer la seguridad ciudadana. Los participantes tambi\u00e9n conocieron recomendaciones para identificar intentos de extorsi\u00f3n y actuar de manera oportuna ante este tipo de situaciones.<\/p>\n\n\n\n<p>El fiscal especializado contra el Secuestro y Combate a la Extorsi\u00f3n de la FGE, Gregorio Alarc\u00f3n \u00c1vila, inform\u00f3 sobre los avances alcanzados durante los \u00faltimos meses en esta materia y se\u00f1al\u00f3 que, hasta el primer semestre de 2026, se ha logrado la detenci\u00f3n de 36 presuntos responsables de este delito.<\/p>\n\n\n\n<figure class=\"wp-block-gallery has-nested-images columns-default is-cropped wp-block-gallery-1 is-layout-flex wp-block-gallery-is-layout-flex\">\n<figure class=\"wp-block-image size-large\"><img loading=\"lazy\" decoding=\"async\" width=\"1024\" height=\"682\" data-id=\"3499\" src=\"https:\/\/alboradatixtla.com\/wp-content\/uploads\/2026\/08\/WhatsApp-Image-2026-08-25-at-5.41.48-PM-1024x682.jpeg\" alt=\"\" class=\"wp-image-3499\" srcset=\"https:\/\/alboradatixtla.com\/wp-content\/uploads\/2026\/08\/WhatsApp-Image-2026-08-25-at-5.41.48-PM-1024x682.jpeg 1024w, https:\/\/alboradatixtla.com\/wp-content\/uploads\/2026\/08\/WhatsApp-Image-2026-08-25-at-5.41.48-PM-300x200.jpeg 300w, https:\/\/alboradatixtla.com\/wp-content\/uploads\/2026\/08\/WhatsApp-Image-2026-08-25-at-5.41.48-PM-768x512.jpeg 768w, https:\/\/alboradatixtla.com\/wp-content\/uploads\/2026\/08\/WhatsApp-Image-2026-08-25-at-5.41.48-PM.jpeg 1280w\" sizes=\"auto, (max-width: 1024px) 100vw, 1024px\" \/><\/figure>\n\n\n\n<figure class=\"wp-block-image size-large\"><img loading=\"lazy\" decoding=\"async\" width=\"1024\" height=\"374\" data-id=\"3500\" src=\"https:\/\/alboradatixtla.com\/wp-content\/uploads\/2026\/08\/WhatsApp-Image-2026-08-25-at-5.41.50-PM-2-1024x374.jpeg\" alt=\"\" class=\"wp-image-3500\" srcset=\"https:\/\/alboradatixtla.com\/wp-content\/uploads\/2026\/08\/WhatsApp-Image-2026-08-25-at-5.41.50-PM-2-1024x374.jpeg 1024w, https:\/\/alboradatixtla.com\/wp-content\/uploads\/2026\/08\/WhatsApp-Image-2026-08-25-at-5.41.50-PM-2-300x110.jpeg 300w, https:\/\/alboradatixtla.com\/wp-content\/uploads\/2026\/08\/WhatsApp-Image-2026-08-25-at-5.41.50-PM-2-768x281.jpeg 768w, https:\/\/alboradatixtla.com\/wp-content\/uploads\/2026\/08\/WhatsApp-Image-2026-08-25-at-5.41.50-PM-2.jpeg 1280w\" sizes=\"auto, (max-width: 1024px) 100vw, 1024px\" \/><\/figure>\n\n\n\n<figure class=\"wp-block-image size-large\"><img loading=\"lazy\" decoding=\"async\" width=\"1024\" height=\"682\" data-id=\"3502\" src=\"https:\/\/alboradatixtla.com\/wp-content\/uploads\/2026\/08\/WhatsApp-Image-2026-08-25-at-5.41.50-PM-1024x682.jpeg\" alt=\"\" class=\"wp-image-3502\" srcset=\"https:\/\/alboradatixtla.com\/wp-content\/uploads\/2026\/08\/WhatsApp-Image-2026-08-25-at-5.41.50-PM-1024x682.jpeg 1024w, https:\/\/alboradatixtla.com\/wp-content\/uploads\/2026\/08\/WhatsApp-Image-2026-08-25-at-5.41.50-PM-300x200.jpeg 300w, https:\/\/alboradatixtla.com\/wp-content\/uploads\/2026\/08\/WhatsApp-Image-2026-08-25-at-5.41.50-PM-768x512.jpeg 768w, https:\/\/alboradatixtla.com\/wp-content\/uploads\/2026\/08\/WhatsApp-Image-2026-08-25-at-5.41.50-PM.jpeg 1280w\" sizes=\"auto, (max-width: 1024px) 100vw, 1024px\" \/><\/figure>\n\n\n\n<figure class=\"wp-block-image size-large\"><img loading=\"lazy\" decoding=\"async\" width=\"1024\" height=\"682\" data-id=\"3503\" src=\"https:\/\/alboradatixtla.com\/wp-content\/uploads\/2026\/08\/WhatsApp-Image-2026-08-25-at-5.41.51-PM-1024x682.jpeg\" alt=\"\" class=\"wp-image-3503\" srcset=\"https:\/\/alboradatixtla.com\/wp-content\/uploads\/2026\/08\/WhatsApp-Image-2026-08-25-at-5.41.51-PM-1024x682.jpeg 1024w, https:\/\/alboradatixtla.com\/wp-content\/uploads\/2026\/08\/WhatsApp-Image-2026-08-25-at-5.41.51-PM-300x200.jpeg 300w, https:\/\/alboradatixtla.com\/wp-content\/uploads\/2026\/08\/WhatsApp-Image-2026-08-25-at-5.41.51-PM-768x512.jpeg 768w, https:\/\/alboradatixtla.com\/wp-content\/uploads\/2026\/08\/WhatsApp-Image-2026-08-25-at-5.41.51-PM.jpeg 1280w\" sizes=\"auto, (max-width: 1024px) 100vw, 1024px\" \/><\/figure>\n\n\n\n<figure class=\"wp-block-image size-large\"><img loading=\"lazy\" decoding=\"async\" width=\"1024\" height=\"468\" data-id=\"3501\" src=\"https:\/\/alboradatixtla.com\/wp-content\/uploads\/2026\/08\/WhatsApp-Image-2026-08-25-at-5.41.52-PM-1-1024x468.jpeg\" alt=\"\" class=\"wp-image-3501\" srcset=\"https:\/\/alboradatixtla.com\/wp-content\/uploads\/2026\/08\/WhatsApp-Image-2026-08-25-at-5.41.52-PM-1-1024x468.jpeg 1024w, https:\/\/alboradatixtla.com\/wp-content\/uploads\/2026\/08\/WhatsApp-Image-2026-08-25-at-5.41.52-PM-1-300x137.jpeg 300w, https:\/\/alboradatixtla.com\/wp-content\/uploads\/2026\/08\/WhatsApp-Image-2026-08-25-at-5.41.52-PM-1-768x351.jpeg 768w, https:\/\/alboradatixtla.com\/wp-content\/uploads\/2026\/08\/WhatsApp-Image-2026-08-25-at-5.41.52-PM-1.jpeg 1280w\" sizes=\"auto, (max-width: 1024px) 100vw, 1024px\" \/><\/figure>\n<\/figure>\n\n\n\n<p>Asimismo, invit\u00f3 a empresarios, comerciantes y ciudadan\u00eda en general a denunciar cualquier situaci\u00f3n relacionada con la extorsi\u00f3n a trav\u00e9s de la l\u00ednea de atenci\u00f3n directa Ponte Buso, en el n\u00famero 747 165 8355, disponible mediante llamada telef\u00f3nica o WhatsApp.<\/p>\n\n\n\n<p>Explic\u00f3 que estas acciones forman parte de una estrategia integral de seguridad que articula esfuerzos de los gobiernos federal y estatal para atender de manera puntual los delitos, desarticular redes criminales y fortalecer la confianza de la poblaci\u00f3n en las instituciones.<\/p>\n\n\n\n<p>Como parte de las acciones implementadas se contempla el uso de herramientas tecnol\u00f3gicas, el congelamiento de cuentas vinculadas con actividades il\u00edcitas, la cancelaci\u00f3n de l\u00edneas telef\u00f3nicas utilizadas para cometer delitos y operativos en centros penitenciarios, con el objetivo de neutralizar a generadores de violencia.<\/p>\n\n\n\n<p>La capacitaci\u00f3n se extender\u00e1 a empresarios y comerciantes de Zihuatanejo y Taxco, con el prop\u00f3sito de ampliar las acciones preventivas y fortalecer los mecanismos de denuncia y atenci\u00f3n en distintos puntos del estado.<\/p>\n\n\n\n<p>En el encuentro tambi\u00e9n estuvo presente el secretario de Turismo de Guerrero, Sim\u00f3n Qui\u00f1ones Orozco, quien acompa\u00f1\u00f3 estas acciones de coordinaci\u00f3n con el sector empresarial.<\/p>\n\n\n\n<p><\/p>\n","protected":false},"excerpt":{"rendered":"<div class=\"pvc_clear\"><\/div>\n<p id=\"pvc_stats_3497\" class=\"pvc_stats all  \" data-element-id=\"3497\" style=\"\"><i class=\"pvc-stats-icon medium\" aria-hidden=\"true\"><svg xmlns=\"http:\/\/www.w3.org\/2000\/svg\" version=\"1.0\" viewBox=\"0 0 502 315\" preserveAspectRatio=\"xMidYMid meet\"><g transform=\"translate(0,332) scale(0.1,-0.1)\" fill=\"\" stroke=\"none\"><path d=\"M2394 3279 l-29 -30 -3 -207 c-2 -182 0 -211 15 -242 39 -76 157 -76 196 0 15 31 17 60 15 243 l-3 209 -33 29 c-26 23 -41 29 -80 29 -41 0 -53 -5 -78 -31z\"\/><path d=\"M3085 3251 c-45 -19 -58 -50 -96 -229 -47 -217 -49 -260 -13 -295 52 -53 146 -42 177 20 16 31 87 366 87 410 0 70 -86 122 -155 94z\"\/><path d=\"M1751 3234 c-13 -9 -29 -31 -37 -50 -12 -29 -10 -49 21 -204 19 -94 39 -189 45 -210 14 -50 54 -80 110 -80 34 0 48 6 76 34 21 21 34 44 34 59 0 14 -18 113 -40 219 -37 178 -43 195 -70 221 -36 32 -101 37 -139 11z\"\/><path d=\"M1163 3073 c-36 -7 -73 -59 -73 -102 0 -56 133 -378 171 -413 34 -32 83 -37 129 -13 70 36 67 87 -16 290 -86 209 -89 214 -129 231 -35 14 -42 15 -82 7z\"\/><path d=\"M3689 3066 c-15 -9 -33 -30 -42 -48 -48 -103 -147 -355 -147 -375 0 -98 131 -148 192 -74 13 15 57 108 97 206 80 196 84 226 37 273 -30 30 -99 39 -137 18z\"\/><path d=\"M583 2784 c-38 -19 -67 -74 -58 -113 9 -42 211 -354 242 -373 16 -10 45 -18 66 -18 51 0 107 52 107 100 0 39 -1 41 -124 234 -80 126 -108 162 -133 173 -41 17 -61 16 -100 -3z\"\/><path d=\"M4250 2784 c-14 -9 -74 -91 -133 -183 -95 -150 -107 -173 -107 -213 0 -55 33 -94 87 -104 67 -13 90 8 211 198 130 202 137 225 78 284 -27 27 -42 34 -72 34 -22 0 -50 -8 -64 -16z\"\/><path d=\"M2275 2693 c-553 -48 -1095 -270 -1585 -649 -135 -104 -459 -423 -483 -476 -23 -49 -22 -139 2 -186 73 -142 361 -457 571 -626 285 -228 642 -407 990 -497 242 -63 336 -73 660 -74 310 0 370 5 595 52 535 111 1045 392 1455 803 122 121 250 273 275 326 19 41 19 137 0 174 -41 79 -309 363 -465 492 -447 370 -946 591 -1479 653 -113 14 -422 18 -536 8z m395 -428 c171 -34 330 -124 456 -258 112 -119 167 -219 211 -378 27 -96 24 -300 -5 -401 -72 -255 -236 -447 -474 -557 -132 -62 -201 -76 -368 -76 -167 0 -236 14 -368 76 -213 98 -373 271 -451 485 -162 444 86 934 547 1084 153 49 292 57 452 25z m909 -232 c222 -123 408 -262 593 -441 76 -74 138 -139 138 -144 0 -16 -233 -242 -330 -319 -155 -123 -309 -223 -461 -299 l-81 -41 32 46 c18 26 49 83 70 128 143 306 141 649 -6 957 -25 52 -61 116 -79 142 l-34 47 45 -20 c26 -10 76 -36 113 -56z m-2057 25 c-40 -58 -105 -190 -130 -263 -110 -324 -59 -707 132 -981 25 -35 42 -64 37 -64 -19 0 -241 119 -326 174 -188 122 -406 314 -532 468 l-58 71 108 103 c185 178 428 349 672 473 66 33 121 60 123 61 2 0 -10 -19 -26 -42z\"\/><path d=\"M2375 1950 c-198 -44 -350 -190 -395 -379 -18 -76 -8 -221 19 -290 114 -284 457 -406 731 -260 98 52 188 154 231 260 27 69 37 214 19 290 -38 163 -166 304 -326 360 -67 23 -215 33 -279 19z\"\/><\/g><\/svg><\/i> <img loading=\"lazy\" decoding=\"async\" width=\"16\" height=\"16\" alt=\"Loading\" src=\"https:\/\/alboradatixtla.com\/wp-content\/plugins\/page-views-count\/ajax-loader-2x.gif\" border=0 \/><\/p>\n<div class=\"pvc_clear\"><\/div>\n<p>Acapulco, Gro., 25 de agosto de 2026.- Como parte de la coordinaci\u00f3n entre autoridades y sociedad civil para fortalecer la<\/p>\n","protected":false},"author":3,"featured_media":3498,"comment_status":"open","ping_status":"open","sticky":false,"template":"","format":"standard","meta":{"colormag_page_container_layout":"default_layout","colormag_page_sidebar_layout":"default_layout","_monsterinsights_skip_tracking":false,"episode_type":"","audio_file":"","podmotor_file_id":"","podmotor_episode_id":"","cover_image":"","cover_image_id":"","duration":"","filesize":"","filesize_raw":"","date_recorded":"","explicit":"","block":"","footnotes":"","jetpack_publicize_message":"","jetpack_publicize_feature_enabled":true,"jetpack_social_post_already_shared":true,"jetpack_social_options":{"image_generator_settings":{"template":"highway","default_image_id":0,"font":"","enabled":false},"version":2}},"categories":[28,9,18],"tags":[],"class_list":["post-3497","post","type-post","status-publish","format-standard","has-post-thumbnail","hentry","category-economia","category-guerrero","category-seguridad"],"a3_pvc":{"activated":true,"total_views":5,"today_views":0},"jetpack_publicize_connections":[],"_links":{"self":[{"href":"https:\/\/alboradatixtla.com\/index.php?rest_route=\/wp\/v2\/posts\/3497","targetHints":{"allow":["GET"]}}],"collection":[{"href":"https:\/\/alboradatixtla.com\/index.php?rest_route=\/wp\/v2\/posts"}],"about":[{"href":"https:\/\/alboradatixtla.com\/index.php?rest_route=\/wp\/v2\/types\/post"}],"author":[{"embeddable":true,"href":"https:\/\/alboradatixtla.com\/index.php?rest_route=\/wp\/v2\/users\/3"}],"replies":[{"embeddable":true,"href":"https:\/\/alboradatixtla.com\/index.php?rest_route=%2Fwp%2Fv2%2Fcomments&post=3497"}],"version-history":[{"count":1,"href":"https:\/\/alboradatixtla.com\/index.php?rest_route=\/wp\/v2\/posts\/3497\/revisions"}],"predecessor-version":[{"id":3504,"href":"https:\/\/alboradatixtla.com\/index.php?rest_route=\/wp\/v2\/posts\/3497\/revisions\/3504"}],"wp:featuredmedia":[{"embeddable":true,"href":"https:\/\/alboradatixtla.com\/index.php?rest_route=\/wp\/v2\/media\/3498"}],"wp:attachment":[{"href":"https:\/\/alboradatixtla.com\/index.php?rest_route=%2Fwp%2Fv2%2Fmedia&parent=3497"}],"wp:term":[{"taxonomy":"category","embeddable":true,"href":"https:\/\/alboradatixtla.com\/index.php?rest_route=%2Fwp%2Fv2%2Fcategories&post=3497"},{"taxonomy":"post_tag","embeddable":true,"href":"https:\/\/alboradatixtla.com\/index.php?rest_route=%2Fwp%2Fv2%2Ftags&post=3497"}],"curies":[{"name":"wp","href":"https:\/\/api.w.org\/{rel}","templated":true}]}}