{"id":3477,"date":"2026-08-19T19:55:31","date_gmt":"2026-08-20T01:55:31","guid":{"rendered":"https:\/\/alboradatixtla.com\/?p=3477"},"modified":"2026-08-21T19:56:17","modified_gmt":"2026-08-22T01:56:17","slug":"realiza-el-congreso-el-panel-de-la-reforma-constitucional-a-la-ley-general-de-los-derechos-de-los-pueblos-indigenas-y-afromexicanos","status":"publish","type":"post","link":"https:\/\/alboradatixtla.com\/?p=3477","title":{"rendered":"Realiza el Congreso el panel &#8220;De la Reforma Constitucional a la Ley General de los Derechos de los Pueblos Ind\u00edgenas y Afromexicanos\u201d"},"content":{"rendered":"<div class=\"pvc_clear\"><\/div><p id=\"pvc_stats_3477\" class=\"pvc_stats all  \" data-element-id=\"3477\" style=\"\"><i class=\"pvc-stats-icon medium\" aria-hidden=\"true\"><svg xmlns=\"http:\/\/www.w3.org\/2000\/svg\" version=\"1.0\" viewBox=\"0 0 502 315\" preserveAspectRatio=\"xMidYMid meet\"><g transform=\"translate(0,332) scale(0.1,-0.1)\" fill=\"\" stroke=\"none\"><path d=\"M2394 3279 l-29 -30 -3 -207 c-2 -182 0 -211 15 -242 39 -76 157 -76 196 0 15 31 17 60 15 243 l-3 209 -33 29 c-26 23 -41 29 -80 29 -41 0 -53 -5 -78 -31z\"\/><path d=\"M3085 3251 c-45 -19 -58 -50 -96 -229 -47 -217 -49 -260 -13 -295 52 -53 146 -42 177 20 16 31 87 366 87 410 0 70 -86 122 -155 94z\"\/><path d=\"M1751 3234 c-13 -9 -29 -31 -37 -50 -12 -29 -10 -49 21 -204 19 -94 39 -189 45 -210 14 -50 54 -80 110 -80 34 0 48 6 76 34 21 21 34 44 34 59 0 14 -18 113 -40 219 -37 178 -43 195 -70 221 -36 32 -101 37 -139 11z\"\/><path d=\"M1163 3073 c-36 -7 -73 -59 -73 -102 0 -56 133 -378 171 -413 34 -32 83 -37 129 -13 70 36 67 87 -16 290 -86 209 -89 214 -129 231 -35 14 -42 15 -82 7z\"\/><path d=\"M3689 3066 c-15 -9 -33 -30 -42 -48 -48 -103 -147 -355 -147 -375 0 -98 131 -148 192 -74 13 15 57 108 97 206 80 196 84 226 37 273 -30 30 -99 39 -137 18z\"\/><path d=\"M583 2784 c-38 -19 -67 -74 -58 -113 9 -42 211 -354 242 -373 16 -10 45 -18 66 -18 51 0 107 52 107 100 0 39 -1 41 -124 234 -80 126 -108 162 -133 173 -41 17 -61 16 -100 -3z\"\/><path d=\"M4250 2784 c-14 -9 -74 -91 -133 -183 -95 -150 -107 -173 -107 -213 0 -55 33 -94 87 -104 67 -13 90 8 211 198 130 202 137 225 78 284 -27 27 -42 34 -72 34 -22 0 -50 -8 -64 -16z\"\/><path d=\"M2275 2693 c-553 -48 -1095 -270 -1585 -649 -135 -104 -459 -423 -483 -476 -23 -49 -22 -139 2 -186 73 -142 361 -457 571 -626 285 -228 642 -407 990 -497 242 -63 336 -73 660 -74 310 0 370 5 595 52 535 111 1045 392 1455 803 122 121 250 273 275 326 19 41 19 137 0 174 -41 79 -309 363 -465 492 -447 370 -946 591 -1479 653 -113 14 -422 18 -536 8z m395 -428 c171 -34 330 -124 456 -258 112 -119 167 -219 211 -378 27 -96 24 -300 -5 -401 -72 -255 -236 -447 -474 -557 -132 -62 -201 -76 -368 -76 -167 0 -236 14 -368 76 -213 98 -373 271 -451 485 -162 444 86 934 547 1084 153 49 292 57 452 25z m909 -232 c222 -123 408 -262 593 -441 76 -74 138 -139 138 -144 0 -16 -233 -242 -330 -319 -155 -123 -309 -223 -461 -299 l-81 -41 32 46 c18 26 49 83 70 128 143 306 141 649 -6 957 -25 52 -61 116 -79 142 l-34 47 45 -20 c26 -10 76 -36 113 -56z m-2057 25 c-40 -58 -105 -190 -130 -263 -110 -324 -59 -707 132 -981 25 -35 42 -64 37 -64 -19 0 -241 119 -326 174 -188 122 -406 314 -532 468 l-58 71 108 103 c185 178 428 349 672 473 66 33 121 60 123 61 2 0 -10 -19 -26 -42z\"\/><path d=\"M2375 1950 c-198 -44 -350 -190 -395 -379 -18 -76 -8 -221 19 -290 114 -284 457 -406 731 -260 98 52 188 154 231 260 27 69 37 214 19 290 -38 163 -166 304 -326 360 -67 23 -215 33 -279 19z\"\/><\/g><\/svg><\/i> <img loading=\"lazy\" decoding=\"async\" width=\"16\" height=\"16\" alt=\"Loading\" src=\"https:\/\/alboradatixtla.com\/wp-content\/plugins\/page-views-count\/ajax-loader-2x.gif\" border=0 \/><\/p><div class=\"pvc_clear\"><\/div>\n<p>Chilpancingo, Gro., 19 de agosto de 2026.- El Congreso del Estado de Guerrero, a trav\u00e9s de la Comisi\u00f3n de Educaci\u00f3n, Ciencia y Tecnolog\u00eda, realiz\u00f3 este mi\u00e9rcoles el panel \u201cDe la Reforma Constitucional a la Ley General de los Derechos de los Pueblos Ind\u00edgenas y Afromexicanos\u201d.<\/p>\n\n\n\n<p>Dicho evento se desarroll\u00f3 en coordinaci\u00f3n con el Gobierno del Estado, el Instituto Nacional de los Pueblos Ind\u00edgenas (INPI), la Suprema Corte de Justicia de la Naci\u00f3n (SCJN) y la Universidad Aut\u00f3noma de Guerrero (UAGro), con el prop\u00f3sito de analizar los alcances de la reforma constitucional de 2024, los retos para su implementaci\u00f3n y la construcci\u00f3n de una Ley General que permita hacer efectivos los derechos reconocidos a los pueblos ind\u00edgenas y afromexicano.<\/p>\n\n\n\n<p>En su mensaje de bienvenida, el diputado P\u00e1nfilo S\u00e1nchez Almaz\u00e1n, presidente de la Comisi\u00f3n de Educaci\u00f3n, Ciencia y Tecnolog\u00eda, destac\u00f3 que la reforma al art\u00edculo 2\u00ba constitucional representa un avance hist\u00f3rico en el reconocimiento de los derechos de los pueblos ind\u00edgenas y afromexicano, y convoc\u00f3 a las comunidades a participar activamente en los foros, asambleas y espacios de consulta para que la nueva legislaci\u00f3n se construya con los pueblos, desde los pueblos y para los pueblos.<\/p>\n\n\n\n<p>En su oportunidad, el diputado Joaqu\u00edn Badillo Escamilla, presidente de la Junta de Coordinaci\u00f3n Pol\u00edtica, refrend\u00f3 el compromiso del Congreso del Estado de continuar trabajando para que los derechos reconocidos a los pueblos ind\u00edgenas y afromexicano se traduzcan en mejores condiciones de vida y contribuyan a atender la deuda hist\u00f3rica de desigualdad, discriminaci\u00f3n y marginaci\u00f3n que han enfrentado.<\/p>\n\n\n\n<p>Por su parte, el diputado Alejandro Carabias Icaza, presidente de la Mesa Directiva, se\u00f1al\u00f3 que la reforma constitucional plantea una nueva relaci\u00f3n del Estado con los pueblos ind\u00edgenas y afromexicano, al pasar de una pol\u00edtica para los pueblos a una pol\u00edtica con los pueblos, y que el reto, agreg\u00f3, es traducir los derechos reconocidos en leyes, instituciones, presupuestos y resultados concretos.<\/p>\n\n\n\n<p>Asimismo, la diputada Catalina Apolinar Santiago, presidenta de la Comisi\u00f3n de los Pueblos y Comunidades Ind\u00edgenas y Afromexicanos, destac\u00f3 la importancia de reconocer y dignificar la medicina y la parter\u00eda tradicionales como parte de los conocimientos ancestrales, la identidad y la vida comunitaria de los pueblos.<\/p>\n\n\n\n<p>De la misma forma, se\u00f1al\u00f3 que la consulta debe ser un espacio de di\u00e1logo y participaci\u00f3n que permita escuchar las necesidades y propuestas de las comunidades.<\/p>\n\n\n\n<p>Particip\u00f3 tambi\u00e9n el secretario para el Desarrollo de los Pueblos Ind\u00edgenas y Afromexicanos, Abel Bruno Arriaga, en representaci\u00f3n de la gobernadora Evelyn Salgado Pineda, se\u00f1alando que Guerrero vive una etapa de transformaci\u00f3n institucional a partir del reconocimiento de los pueblos ind\u00edgenas y afromexicanos como sujetos de derecho p\u00fablico.<\/p>\n\n\n\n<p>Destac\u00f3 igualmente que este nuevo marco jur\u00eddico fortalece derechos como la libre determinaci\u00f3n, la autonom\u00eda y la participaci\u00f3n pol\u00edtica, y plantea la necesidad de armonizar la legislaci\u00f3n estatal para hacerlos efectivos.<\/p>\n\n\n\n<p>Por su parte, Adelfo Regino Montes, director general del Instituto Nacional de los Pueblos Ind\u00edgenas, y Luis Enrique Cordero Aguilar, representante de la Suprema Corte de Justicia de la Naci\u00f3n, coincidieron en que la construcci\u00f3n de la Ley General representa una oportunidad hist\u00f3rica para hacer efectivos los derechos reconocidos constitucionalmente, y destacaron la importancia de incorporar las experiencias, conocimientos, opiniones y propuestas de los pueblos y comunidades, mediante el proceso de consulta.<br>Fungieron como panelistas Adelfo Regino Montes, la diputada Catalina Apolinar Santiago, el diputado P\u00e1nfilo S\u00e1nchez Almaz\u00e1n, Luis Enrique Cordero Aguilar y Tarsila Molina Guzm\u00e1n, presidenta municipal de San Nicol\u00e1s. Como moderador particip\u00f3 Marcos Mat\u00edas Alonso.<\/p>\n\n\n\n<p>Al evento asistieron tambi\u00e9n las diputadas Glafira Meraza Prudente, Aracely Ocampo Manzanares, Marisol Baz\u00e1n Fern\u00e1ndez y Gladys Cort\u00e9s Genchi, as\u00ed como los diputados H\u00e9ctor Su\u00e1rez Basurto, Carlos Eduardo Bello Solano y Edgar Ventura de la Cruz; presidentas y presidentes municipales, autoridades comunitarias y defensores de los derechos de los pueblos ind\u00edgenas y afromexicanos, entre otras<\/p>\n","protected":false},"excerpt":{"rendered":"<div class=\"pvc_clear\"><\/div>\n<p id=\"pvc_stats_3477\" class=\"pvc_stats all  \" data-element-id=\"3477\" style=\"\"><i class=\"pvc-stats-icon medium\" aria-hidden=\"true\"><svg xmlns=\"http:\/\/www.w3.org\/2000\/svg\" version=\"1.0\" viewBox=\"0 0 502 315\" preserveAspectRatio=\"xMidYMid meet\"><g transform=\"translate(0,332) scale(0.1,-0.1)\" fill=\"\" stroke=\"none\"><path d=\"M2394 3279 l-29 -30 -3 -207 c-2 -182 0 -211 15 -242 39 -76 157 -76 196 0 15 31 17 60 15 243 l-3 209 -33 29 c-26 23 -41 29 -80 29 -41 0 -53 -5 -78 -31z\"\/><path d=\"M3085 3251 c-45 -19 -58 -50 -96 -229 -47 -217 -49 -260 -13 -295 52 -53 146 -42 177 20 16 31 87 366 87 410 0 70 -86 122 -155 94z\"\/><path d=\"M1751 3234 c-13 -9 -29 -31 -37 -50 -12 -29 -10 -49 21 -204 19 -94 39 -189 45 -210 14 -50 54 -80 110 -80 34 0 48 6 76 34 21 21 34 44 34 59 0 14 -18 113 -40 219 -37 178 -43 195 -70 221 -36 32 -101 37 -139 11z\"\/><path d=\"M1163 3073 c-36 -7 -73 -59 -73 -102 0 -56 133 -378 171 -413 34 -32 83 -37 129 -13 70 36 67 87 -16 290 -86 209 -89 214 -129 231 -35 14 -42 15 -82 7z\"\/><path d=\"M3689 3066 c-15 -9 -33 -30 -42 -48 -48 -103 -147 -355 -147 -375 0 -98 131 -148 192 -74 13 15 57 108 97 206 80 196 84 226 37 273 -30 30 -99 39 -137 18z\"\/><path d=\"M583 2784 c-38 -19 -67 -74 -58 -113 9 -42 211 -354 242 -373 16 -10 45 -18 66 -18 51 0 107 52 107 100 0 39 -1 41 -124 234 -80 126 -108 162 -133 173 -41 17 -61 16 -100 -3z\"\/><path d=\"M4250 2784 c-14 -9 -74 -91 -133 -183 -95 -150 -107 -173 -107 -213 0 -55 33 -94 87 -104 67 -13 90 8 211 198 130 202 137 225 78 284 -27 27 -42 34 -72 34 -22 0 -50 -8 -64 -16z\"\/><path d=\"M2275 2693 c-553 -48 -1095 -270 -1585 -649 -135 -104 -459 -423 -483 -476 -23 -49 -22 -139 2 -186 73 -142 361 -457 571 -626 285 -228 642 -407 990 -497 242 -63 336 -73 660 -74 310 0 370 5 595 52 535 111 1045 392 1455 803 122 121 250 273 275 326 19 41 19 137 0 174 -41 79 -309 363 -465 492 -447 370 -946 591 -1479 653 -113 14 -422 18 -536 8z m395 -428 c171 -34 330 -124 456 -258 112 -119 167 -219 211 -378 27 -96 24 -300 -5 -401 -72 -255 -236 -447 -474 -557 -132 -62 -201 -76 -368 -76 -167 0 -236 14 -368 76 -213 98 -373 271 -451 485 -162 444 86 934 547 1084 153 49 292 57 452 25z m909 -232 c222 -123 408 -262 593 -441 76 -74 138 -139 138 -144 0 -16 -233 -242 -330 -319 -155 -123 -309 -223 -461 -299 l-81 -41 32 46 c18 26 49 83 70 128 143 306 141 649 -6 957 -25 52 -61 116 -79 142 l-34 47 45 -20 c26 -10 76 -36 113 -56z m-2057 25 c-40 -58 -105 -190 -130 -263 -110 -324 -59 -707 132 -981 25 -35 42 -64 37 -64 -19 0 -241 119 -326 174 -188 122 -406 314 -532 468 l-58 71 108 103 c185 178 428 349 672 473 66 33 121 60 123 61 2 0 -10 -19 -26 -42z\"\/><path d=\"M2375 1950 c-198 -44 -350 -190 -395 -379 -18 -76 -8 -221 19 -290 114 -284 457 -406 731 -260 98 52 188 154 231 260 27 69 37 214 19 290 -38 163 -166 304 -326 360 -67 23 -215 33 -279 19z\"\/><\/g><\/svg><\/i> <img loading=\"lazy\" decoding=\"async\" width=\"16\" height=\"16\" alt=\"Loading\" src=\"https:\/\/alboradatixtla.com\/wp-content\/plugins\/page-views-count\/ajax-loader-2x.gif\" border=0 \/><\/p>\n<div class=\"pvc_clear\"><\/div>\n<p>Chilpancingo, Gro., 19 de agosto de 2026.- El Congreso del Estado de Guerrero, a trav\u00e9s de la Comisi\u00f3n de Educaci\u00f3n,<\/p>\n","protected":false},"author":3,"featured_media":3478,"comment_status":"open","ping_status":"open","sticky":false,"template":"","format":"standard","meta":{"colormag_page_container_layout":"default_layout","colormag_page_sidebar_layout":"default_layout","_monsterinsights_skip_tracking":false,"episode_type":"","audio_file":"","podmotor_file_id":"","podmotor_episode_id":"","cover_image":"","cover_image_id":"","duration":"","filesize":"","filesize_raw":"","date_recorded":"","explicit":"","block":"","footnotes":"","jetpack_publicize_message":"","jetpack_publicize_feature_enabled":true,"jetpack_social_post_already_shared":true,"jetpack_social_options":{"image_generator_settings":{"template":"highway","default_image_id":0,"font":"","enabled":false},"version":2}},"categories":[20,42,9,24],"tags":[],"class_list":["post-3477","post","type-post","status-publish","format-standard","has-post-thumbnail","hentry","category-congreso","category-derechos-humanos","category-guerrero","category-municipios"],"a3_pvc":{"activated":true,"total_views":3,"today_views":0},"jetpack_publicize_connections":[],"_links":{"self":[{"href":"https:\/\/alboradatixtla.com\/index.php?rest_route=\/wp\/v2\/posts\/3477","targetHints":{"allow":["GET"]}}],"collection":[{"href":"https:\/\/alboradatixtla.com\/index.php?rest_route=\/wp\/v2\/posts"}],"about":[{"href":"https:\/\/alboradatixtla.com\/index.php?rest_route=\/wp\/v2\/types\/post"}],"author":[{"embeddable":true,"href":"https:\/\/alboradatixtla.com\/index.php?rest_route=\/wp\/v2\/users\/3"}],"replies":[{"embeddable":true,"href":"https:\/\/alboradatixtla.com\/index.php?rest_route=%2Fwp%2Fv2%2Fcomments&post=3477"}],"version-history":[{"count":1,"href":"https:\/\/alboradatixtla.com\/index.php?rest_route=\/wp\/v2\/posts\/3477\/revisions"}],"predecessor-version":[{"id":3479,"href":"https:\/\/alboradatixtla.com\/index.php?rest_route=\/wp\/v2\/posts\/3477\/revisions\/3479"}],"wp:featuredmedia":[{"embeddable":true,"href":"https:\/\/alboradatixtla.com\/index.php?rest_route=\/wp\/v2\/media\/3478"}],"wp:attachment":[{"href":"https:\/\/alboradatixtla.com\/index.php?rest_route=%2Fwp%2Fv2%2Fmedia&parent=3477"}],"wp:term":[{"taxonomy":"category","embeddable":true,"href":"https:\/\/alboradatixtla.com\/index.php?rest_route=%2Fwp%2Fv2%2Fcategories&post=3477"},{"taxonomy":"post_tag","embeddable":true,"href":"https:\/\/alboradatixtla.com\/index.php?rest_route=%2Fwp%2Fv2%2Ftags&post=3477"}],"curies":[{"name":"wp","href":"https:\/\/api.w.org\/{rel}","templated":true}]}}