{"id":3471,"date":"2026-08-21T19:53:06","date_gmt":"2026-08-22T01:53:06","guid":{"rendered":"https:\/\/alboradatixtla.com\/?p=3471"},"modified":"2026-08-21T19:53:06","modified_gmt":"2026-08-22T01:53:06","slug":"realiza-congreso-de-guerrero-la-consulta-para-integrar-la-ley-en-materia-del-espectro-autista","status":"publish","type":"post","link":"https:\/\/alboradatixtla.com\/?p=3471","title":{"rendered":"&#8220;Realiza Congreso de Guerrero la Consulta para integrar la Ley en materia del espectro autista&#8221;"},"content":{"rendered":"<div class=\"pvc_clear\"><\/div><p id=\"pvc_stats_3471\" class=\"pvc_stats all  \" data-element-id=\"3471\" style=\"\"><i class=\"pvc-stats-icon medium\" aria-hidden=\"true\"><svg xmlns=\"http:\/\/www.w3.org\/2000\/svg\" version=\"1.0\" viewBox=\"0 0 502 315\" preserveAspectRatio=\"xMidYMid meet\"><g transform=\"translate(0,332) scale(0.1,-0.1)\" fill=\"\" stroke=\"none\"><path d=\"M2394 3279 l-29 -30 -3 -207 c-2 -182 0 -211 15 -242 39 -76 157 -76 196 0 15 31 17 60 15 243 l-3 209 -33 29 c-26 23 -41 29 -80 29 -41 0 -53 -5 -78 -31z\"\/><path d=\"M3085 3251 c-45 -19 -58 -50 -96 -229 -47 -217 -49 -260 -13 -295 52 -53 146 -42 177 20 16 31 87 366 87 410 0 70 -86 122 -155 94z\"\/><path d=\"M1751 3234 c-13 -9 -29 -31 -37 -50 -12 -29 -10 -49 21 -204 19 -94 39 -189 45 -210 14 -50 54 -80 110 -80 34 0 48 6 76 34 21 21 34 44 34 59 0 14 -18 113 -40 219 -37 178 -43 195 -70 221 -36 32 -101 37 -139 11z\"\/><path d=\"M1163 3073 c-36 -7 -73 -59 -73 -102 0 -56 133 -378 171 -413 34 -32 83 -37 129 -13 70 36 67 87 -16 290 -86 209 -89 214 -129 231 -35 14 -42 15 -82 7z\"\/><path d=\"M3689 3066 c-15 -9 -33 -30 -42 -48 -48 -103 -147 -355 -147 -375 0 -98 131 -148 192 -74 13 15 57 108 97 206 80 196 84 226 37 273 -30 30 -99 39 -137 18z\"\/><path d=\"M583 2784 c-38 -19 -67 -74 -58 -113 9 -42 211 -354 242 -373 16 -10 45 -18 66 -18 51 0 107 52 107 100 0 39 -1 41 -124 234 -80 126 -108 162 -133 173 -41 17 -61 16 -100 -3z\"\/><path d=\"M4250 2784 c-14 -9 -74 -91 -133 -183 -95 -150 -107 -173 -107 -213 0 -55 33 -94 87 -104 67 -13 90 8 211 198 130 202 137 225 78 284 -27 27 -42 34 -72 34 -22 0 -50 -8 -64 -16z\"\/><path d=\"M2275 2693 c-553 -48 -1095 -270 -1585 -649 -135 -104 -459 -423 -483 -476 -23 -49 -22 -139 2 -186 73 -142 361 -457 571 -626 285 -228 642 -407 990 -497 242 -63 336 -73 660 -74 310 0 370 5 595 52 535 111 1045 392 1455 803 122 121 250 273 275 326 19 41 19 137 0 174 -41 79 -309 363 -465 492 -447 370 -946 591 -1479 653 -113 14 -422 18 -536 8z m395 -428 c171 -34 330 -124 456 -258 112 -119 167 -219 211 -378 27 -96 24 -300 -5 -401 -72 -255 -236 -447 -474 -557 -132 -62 -201 -76 -368 -76 -167 0 -236 14 -368 76 -213 98 -373 271 -451 485 -162 444 86 934 547 1084 153 49 292 57 452 25z m909 -232 c222 -123 408 -262 593 -441 76 -74 138 -139 138 -144 0 -16 -233 -242 -330 -319 -155 -123 -309 -223 -461 -299 l-81 -41 32 46 c18 26 49 83 70 128 143 306 141 649 -6 957 -25 52 -61 116 -79 142 l-34 47 45 -20 c26 -10 76 -36 113 -56z m-2057 25 c-40 -58 -105 -190 -130 -263 -110 -324 -59 -707 132 -981 25 -35 42 -64 37 -64 -19 0 -241 119 -326 174 -188 122 -406 314 -532 468 l-58 71 108 103 c185 178 428 349 672 473 66 33 121 60 123 61 2 0 -10 -19 -26 -42z\"\/><path d=\"M2375 1950 c-198 -44 -350 -190 -395 -379 -18 -76 -8 -221 19 -290 114 -284 457 -406 731 -260 98 52 188 154 231 260 27 69 37 214 19 290 -38 163 -166 304 -326 360 -67 23 -215 33 -279 19z\"\/><\/g><\/svg><\/i> <img loading=\"lazy\" decoding=\"async\" width=\"16\" height=\"16\" alt=\"Loading\" src=\"https:\/\/alboradatixtla.com\/wp-content\/plugins\/page-views-count\/ajax-loader-2x.gif\" border=0 \/><\/p><div class=\"pvc_clear\"><\/div>\n<p>El Congreso del Estado realiz\u00f3 este jueves el proceso de Consulta a Personas con la Condici\u00f3n del Espectro Autista del Estado de Guerrero, un espacio deliberativo en el que m\u00e1s de 200 personas de diferentes partes de la entidad con esta condici\u00f3n, sus familias, organizaciones civiles, especialistas en salud y educaci\u00f3n, brindaron opiniones y propuestas tendentes a lograr una legislaci\u00f3n integral en materia de atenci\u00f3n, inclusi\u00f3n y protecci\u00f3n de los derechos de este sector.<\/p>\n\n\n\n<p>Al dar la bienvenida a las y los participantes, la diputada Beatriz V\u00e9lez N\u00fa\u00f1ez, presidenta de la Comisi\u00f3n de Salud de la LXIV Legislatura, expuso que durante m\u00e1s de seis meses se ha mantenido contacto con la Suprema Corte de Justicia de la Naci\u00f3n (SCJN), a efecto de cumplimentar su resoluci\u00f3n derivada de la Acci\u00f3n de Inconstitucionalidad 146\/2024.<\/p>\n\n\n\n<p>De la misma forma, indic\u00f3, el Poder Legislativo ha trabajado coordinadamente con la Secretar\u00eda de Salud, la Secretar\u00eda de Educaci\u00f3n, el Sistema DIF Guerrero y la Comisi\u00f3n de los Derechos Humanos del Estado de Guerrero como \u00f3rgano garante, con el objetivo de dise\u00f1ar una metodolog\u00eda participativa y accesible que permita superar la invalidez de la anterior Ley 832 y construir un marco legal leg\u00edtimo y sensible a las demandas sociales.<\/p>\n\n\n\n<p>A su vez, el presidente de la Junta de Coordinaci\u00f3n Pol\u00edtica (Jucopo), diputado Joaqu\u00edn Badillo Escamilla, reconoci\u00f3 la entrega de los padres y madres de familia que d\u00eda con d\u00eda luchan y tocan puertas por el bienestar de sus hijas e hijos, subrayando que las legisladoras y los legisladores que integran el Congreso local tienen la plena voluntad pol\u00edtica y el compromiso de poner su mayor esfuerzo para dotar a la entidad de una ley hecha a la medida, que sirva de garant\u00eda jur\u00eddica real.<\/p>\n\n\n\n<p>En ese sentido, Badillo Escamilla enfatiz\u00f3 que la atenci\u00f3n a las resoluciones del m\u00e1ximo tribunal del pa\u00eds se asume con estricta responsabilidad institucional, pero sobre todo con vocaci\u00f3n social, asegurando que el Congreso del Estado continuar\u00e1 con las puertas abiertas y facilitar\u00e1 todas las condiciones humanas, materiales y operativas necesarias para que la voz de los sectores prioritarios oriente de manera directa el marco jur\u00eddico estatal.<\/p>\n\n\n\n<p>En su turno, el presidente de la Mesa Directiva, diputado Alejandro Carabias Icaza, celebr\u00f3 la nutrida participaci\u00f3n y se\u00f1al\u00f3 que este proceso representa una valiosa segunda oportunidad para corregir deficiencias del pasado y construir una ley verdaderamente \u00fatil, sensible y humana, que no sea producto de un ejercicio de escritorio o de gabinete, sino del conocimiento vivencial de quienes enfrentan cotidianamente esta condici\u00f3n.<\/p>\n\n\n\n<figure class=\"wp-block-gallery has-nested-images columns-default is-cropped wp-block-gallery-1 is-layout-flex wp-block-gallery-is-layout-flex\">\n<figure class=\"wp-block-image size-large\"><img loading=\"lazy\" decoding=\"async\" width=\"1024\" height=\"682\" data-id=\"3473\" src=\"https:\/\/alboradatixtla.com\/wp-content\/uploads\/2026\/08\/WhatsApp-Image-2026-08-20-at-5.26.09-PM-1024x682.jpeg\" alt=\"\" class=\"wp-image-3473\" srcset=\"https:\/\/alboradatixtla.com\/wp-content\/uploads\/2026\/08\/WhatsApp-Image-2026-08-20-at-5.26.09-PM-1024x682.jpeg 1024w, https:\/\/alboradatixtla.com\/wp-content\/uploads\/2026\/08\/WhatsApp-Image-2026-08-20-at-5.26.09-PM-300x200.jpeg 300w, https:\/\/alboradatixtla.com\/wp-content\/uploads\/2026\/08\/WhatsApp-Image-2026-08-20-at-5.26.09-PM-768x512.jpeg 768w, https:\/\/alboradatixtla.com\/wp-content\/uploads\/2026\/08\/WhatsApp-Image-2026-08-20-at-5.26.09-PM-1536x1023.jpeg 1536w, https:\/\/alboradatixtla.com\/wp-content\/uploads\/2026\/08\/WhatsApp-Image-2026-08-20-at-5.26.09-PM.jpeg 1600w\" sizes=\"auto, (max-width: 1024px) 100vw, 1024px\" \/><\/figure>\n\n\n\n<figure class=\"wp-block-image size-large\"><img loading=\"lazy\" decoding=\"async\" width=\"1024\" height=\"682\" data-id=\"3474\" src=\"https:\/\/alboradatixtla.com\/wp-content\/uploads\/2026\/08\/WhatsApp-Image-2026-08-20-at-5.31.15-PM-1024x682.jpeg\" alt=\"\" class=\"wp-image-3474\" srcset=\"https:\/\/alboradatixtla.com\/wp-content\/uploads\/2026\/08\/WhatsApp-Image-2026-08-20-at-5.31.15-PM-1024x682.jpeg 1024w, https:\/\/alboradatixtla.com\/wp-content\/uploads\/2026\/08\/WhatsApp-Image-2026-08-20-at-5.31.15-PM-300x200.jpeg 300w, https:\/\/alboradatixtla.com\/wp-content\/uploads\/2026\/08\/WhatsApp-Image-2026-08-20-at-5.31.15-PM-768x512.jpeg 768w, https:\/\/alboradatixtla.com\/wp-content\/uploads\/2026\/08\/WhatsApp-Image-2026-08-20-at-5.31.15-PM-1536x1023.jpeg 1536w, https:\/\/alboradatixtla.com\/wp-content\/uploads\/2026\/08\/WhatsApp-Image-2026-08-20-at-5.31.15-PM.jpeg 1600w\" sizes=\"auto, (max-width: 1024px) 100vw, 1024px\" \/><\/figure>\n\n\n\n<figure class=\"wp-block-image size-large\"><img loading=\"lazy\" decoding=\"async\" width=\"1024\" height=\"682\" data-id=\"3475\" src=\"https:\/\/alboradatixtla.com\/wp-content\/uploads\/2026\/08\/WhatsApp-Image-2026-08-20-at-5.33.38-PM-1-1024x682.jpeg\" alt=\"\" class=\"wp-image-3475\" srcset=\"https:\/\/alboradatixtla.com\/wp-content\/uploads\/2026\/08\/WhatsApp-Image-2026-08-20-at-5.33.38-PM-1-1024x682.jpeg 1024w, https:\/\/alboradatixtla.com\/wp-content\/uploads\/2026\/08\/WhatsApp-Image-2026-08-20-at-5.33.38-PM-1-300x200.jpeg 300w, https:\/\/alboradatixtla.com\/wp-content\/uploads\/2026\/08\/WhatsApp-Image-2026-08-20-at-5.33.38-PM-1-768x512.jpeg 768w, https:\/\/alboradatixtla.com\/wp-content\/uploads\/2026\/08\/WhatsApp-Image-2026-08-20-at-5.33.38-PM-1-1536x1023.jpeg 1536w, https:\/\/alboradatixtla.com\/wp-content\/uploads\/2026\/08\/WhatsApp-Image-2026-08-20-at-5.33.38-PM-1.jpeg 1600w\" sizes=\"auto, (max-width: 1024px) 100vw, 1024px\" \/><\/figure>\n<\/figure>\n\n\n\n<p>La propuesta legislativa base proyecta ejes fundamentales en materia de salud con diagn\u00f3sticos tempranos y terapias especializadas; en educaci\u00f3n, mediante docentes de apoyo o sombra, escuelas para padres y materiales accesibles; en lo laboral y entorno, con incentivos de contrataci\u00f3n, ajustes razonables en centros de trabajo y adecuaci\u00f3n de espacios p\u00fablicos con \u00e1reas de calma; adem\u00e1s de establecer sanciones contra actos de discriminaci\u00f3n y la conformaci\u00f3n de una Comisi\u00f3n Interinstitucional con participaci\u00f3n de las familias.<\/p>\n\n\n\n<p>El desarrollo t\u00e9cnico y operativo de esta jornada estuvo a cargo del equipo multidisciplinario del Congreso del Estado, a trav\u00e9s de la Unidad de Procesos de Consulta y la comisi\u00f3n legislativa de Salud, as\u00ed como personal de las secretar\u00edas de Salud y de Educaci\u00f3n del Gobierno del Estado, de la Comisi\u00f3n de Derechos Humanos del Estado de Guerrero (CDHEG) y personal de apoyo del Museo Interactivo \u201cLa Avispa\u201d, quienes establecieron mesas de trabajo inclusivas, adaptadas con formatos en lectura f\u00e1cil, pictogramas, moderadores y personal capacitado.<\/p>\n\n\n\n<p>Estuvieron presentes tambi\u00e9n el diputado H\u00e9ctor Su\u00e1rez Basurto, la titular de la Secretar\u00eda de Salud estatal, Alondra Garc\u00eda Carbajal; la presidenta de la CDHEG, Cecilia Narciso Gayt\u00e1n; la directora del Museo Interactivo \u201cLa Avispa\u201d, Tania Yanci Manrique Pastor, as\u00ed como representantes del Ayuntamiento de Chilpancingo.<\/p>\n\n\n\n<p><\/p>\n","protected":false},"excerpt":{"rendered":"<div class=\"pvc_clear\"><\/div>\n<p id=\"pvc_stats_3471\" class=\"pvc_stats all  \" data-element-id=\"3471\" style=\"\"><i class=\"pvc-stats-icon medium\" aria-hidden=\"true\"><svg xmlns=\"http:\/\/www.w3.org\/2000\/svg\" version=\"1.0\" viewBox=\"0 0 502 315\" preserveAspectRatio=\"xMidYMid meet\"><g transform=\"translate(0,332) scale(0.1,-0.1)\" fill=\"\" stroke=\"none\"><path d=\"M2394 3279 l-29 -30 -3 -207 c-2 -182 0 -211 15 -242 39 -76 157 -76 196 0 15 31 17 60 15 243 l-3 209 -33 29 c-26 23 -41 29 -80 29 -41 0 -53 -5 -78 -31z\"\/><path d=\"M3085 3251 c-45 -19 -58 -50 -96 -229 -47 -217 -49 -260 -13 -295 52 -53 146 -42 177 20 16 31 87 366 87 410 0 70 -86 122 -155 94z\"\/><path d=\"M1751 3234 c-13 -9 -29 -31 -37 -50 -12 -29 -10 -49 21 -204 19 -94 39 -189 45 -210 14 -50 54 -80 110 -80 34 0 48 6 76 34 21 21 34 44 34 59 0 14 -18 113 -40 219 -37 178 -43 195 -70 221 -36 32 -101 37 -139 11z\"\/><path d=\"M1163 3073 c-36 -7 -73 -59 -73 -102 0 -56 133 -378 171 -413 34 -32 83 -37 129 -13 70 36 67 87 -16 290 -86 209 -89 214 -129 231 -35 14 -42 15 -82 7z\"\/><path d=\"M3689 3066 c-15 -9 -33 -30 -42 -48 -48 -103 -147 -355 -147 -375 0 -98 131 -148 192 -74 13 15 57 108 97 206 80 196 84 226 37 273 -30 30 -99 39 -137 18z\"\/><path d=\"M583 2784 c-38 -19 -67 -74 -58 -113 9 -42 211 -354 242 -373 16 -10 45 -18 66 -18 51 0 107 52 107 100 0 39 -1 41 -124 234 -80 126 -108 162 -133 173 -41 17 -61 16 -100 -3z\"\/><path d=\"M4250 2784 c-14 -9 -74 -91 -133 -183 -95 -150 -107 -173 -107 -213 0 -55 33 -94 87 -104 67 -13 90 8 211 198 130 202 137 225 78 284 -27 27 -42 34 -72 34 -22 0 -50 -8 -64 -16z\"\/><path d=\"M2275 2693 c-553 -48 -1095 -270 -1585 -649 -135 -104 -459 -423 -483 -476 -23 -49 -22 -139 2 -186 73 -142 361 -457 571 -626 285 -228 642 -407 990 -497 242 -63 336 -73 660 -74 310 0 370 5 595 52 535 111 1045 392 1455 803 122 121 250 273 275 326 19 41 19 137 0 174 -41 79 -309 363 -465 492 -447 370 -946 591 -1479 653 -113 14 -422 18 -536 8z m395 -428 c171 -34 330 -124 456 -258 112 -119 167 -219 211 -378 27 -96 24 -300 -5 -401 -72 -255 -236 -447 -474 -557 -132 -62 -201 -76 -368 -76 -167 0 -236 14 -368 76 -213 98 -373 271 -451 485 -162 444 86 934 547 1084 153 49 292 57 452 25z m909 -232 c222 -123 408 -262 593 -441 76 -74 138 -139 138 -144 0 -16 -233 -242 -330 -319 -155 -123 -309 -223 -461 -299 l-81 -41 32 46 c18 26 49 83 70 128 143 306 141 649 -6 957 -25 52 -61 116 -79 142 l-34 47 45 -20 c26 -10 76 -36 113 -56z m-2057 25 c-40 -58 -105 -190 -130 -263 -110 -324 -59 -707 132 -981 25 -35 42 -64 37 -64 -19 0 -241 119 -326 174 -188 122 -406 314 -532 468 l-58 71 108 103 c185 178 428 349 672 473 66 33 121 60 123 61 2 0 -10 -19 -26 -42z\"\/><path d=\"M2375 1950 c-198 -44 -350 -190 -395 -379 -18 -76 -8 -221 19 -290 114 -284 457 -406 731 -260 98 52 188 154 231 260 27 69 37 214 19 290 -38 163 -166 304 -326 360 -67 23 -215 33 -279 19z\"\/><\/g><\/svg><\/i> <img loading=\"lazy\" decoding=\"async\" width=\"16\" height=\"16\" alt=\"Loading\" src=\"https:\/\/alboradatixtla.com\/wp-content\/plugins\/page-views-count\/ajax-loader-2x.gif\" border=0 \/><\/p>\n<div class=\"pvc_clear\"><\/div>\n<p>El Congreso del Estado realiz\u00f3 este jueves el proceso de Consulta a Personas con la Condici\u00f3n del Espectro Autista del<\/p>\n","protected":false},"author":3,"featured_media":3472,"comment_status":"open","ping_status":"open","sticky":false,"template":"","format":"standard","meta":{"colormag_page_container_layout":"default_layout","colormag_page_sidebar_layout":"default_layout","_monsterinsights_skip_tracking":false,"episode_type":"","audio_file":"","podmotor_file_id":"","podmotor_episode_id":"","cover_image":"","cover_image_id":"","duration":"","filesize":"","filesize_raw":"","date_recorded":"","explicit":"","block":"","footnotes":"","jetpack_publicize_message":"","jetpack_publicize_feature_enabled":true,"jetpack_social_post_already_shared":true,"jetpack_social_options":{"image_generator_settings":{"template":"highway","default_image_id":0,"font":"","enabled":false},"version":2}},"categories":[20,42,9],"tags":[],"class_list":["post-3471","post","type-post","status-publish","format-standard","has-post-thumbnail","hentry","category-congreso","category-derechos-humanos","category-guerrero"],"a3_pvc":{"activated":true,"total_views":2,"today_views":0},"jetpack_publicize_connections":[],"_links":{"self":[{"href":"https:\/\/alboradatixtla.com\/index.php?rest_route=\/wp\/v2\/posts\/3471","targetHints":{"allow":["GET"]}}],"collection":[{"href":"https:\/\/alboradatixtla.com\/index.php?rest_route=\/wp\/v2\/posts"}],"about":[{"href":"https:\/\/alboradatixtla.com\/index.php?rest_route=\/wp\/v2\/types\/post"}],"author":[{"embeddable":true,"href":"https:\/\/alboradatixtla.com\/index.php?rest_route=\/wp\/v2\/users\/3"}],"replies":[{"embeddable":true,"href":"https:\/\/alboradatixtla.com\/index.php?rest_route=%2Fwp%2Fv2%2Fcomments&post=3471"}],"version-history":[{"count":1,"href":"https:\/\/alboradatixtla.com\/index.php?rest_route=\/wp\/v2\/posts\/3471\/revisions"}],"predecessor-version":[{"id":3476,"href":"https:\/\/alboradatixtla.com\/index.php?rest_route=\/wp\/v2\/posts\/3471\/revisions\/3476"}],"wp:featuredmedia":[{"embeddable":true,"href":"https:\/\/alboradatixtla.com\/index.php?rest_route=\/wp\/v2\/media\/3472"}],"wp:attachment":[{"href":"https:\/\/alboradatixtla.com\/index.php?rest_route=%2Fwp%2Fv2%2Fmedia&parent=3471"}],"wp:term":[{"taxonomy":"category","embeddable":true,"href":"https:\/\/alboradatixtla.com\/index.php?rest_route=%2Fwp%2Fv2%2Fcategories&post=3471"},{"taxonomy":"post_tag","embeddable":true,"href":"https:\/\/alboradatixtla.com\/index.php?rest_route=%2Fwp%2Fv2%2Ftags&post=3471"}],"curies":[{"name":"wp","href":"https:\/\/api.w.org\/{rel}","templated":true}]}}