{"id":3444,"date":"2026-08-21T19:34:52","date_gmt":"2026-08-22T01:34:52","guid":{"rendered":"https:\/\/alboradatixtla.com\/?p=3444"},"modified":"2026-08-21T19:35:23","modified_gmt":"2026-08-22T01:35:23","slug":"inaugura-evelyn-salgado-la-decima-feria-nacional-del-empleo-para-las-juventudes-2026-en-chilpancingo","status":"publish","type":"post","link":"https:\/\/alboradatixtla.com\/?p=3444","title":{"rendered":"Inaugura Evelyn Salgado la D\u00e9cima Feria Nacional del Empleo para las Juventudes 2026 en Chilpancingo"},"content":{"rendered":"<div class=\"pvc_clear\"><\/div><p id=\"pvc_stats_3444\" class=\"pvc_stats all  \" data-element-id=\"3444\" style=\"\"><i class=\"pvc-stats-icon medium\" aria-hidden=\"true\"><svg xmlns=\"http:\/\/www.w3.org\/2000\/svg\" version=\"1.0\" viewBox=\"0 0 502 315\" preserveAspectRatio=\"xMidYMid meet\"><g transform=\"translate(0,332) scale(0.1,-0.1)\" fill=\"\" stroke=\"none\"><path d=\"M2394 3279 l-29 -30 -3 -207 c-2 -182 0 -211 15 -242 39 -76 157 -76 196 0 15 31 17 60 15 243 l-3 209 -33 29 c-26 23 -41 29 -80 29 -41 0 -53 -5 -78 -31z\"\/><path d=\"M3085 3251 c-45 -19 -58 -50 -96 -229 -47 -217 -49 -260 -13 -295 52 -53 146 -42 177 20 16 31 87 366 87 410 0 70 -86 122 -155 94z\"\/><path d=\"M1751 3234 c-13 -9 -29 -31 -37 -50 -12 -29 -10 -49 21 -204 19 -94 39 -189 45 -210 14 -50 54 -80 110 -80 34 0 48 6 76 34 21 21 34 44 34 59 0 14 -18 113 -40 219 -37 178 -43 195 -70 221 -36 32 -101 37 -139 11z\"\/><path d=\"M1163 3073 c-36 -7 -73 -59 -73 -102 0 -56 133 -378 171 -413 34 -32 83 -37 129 -13 70 36 67 87 -16 290 -86 209 -89 214 -129 231 -35 14 -42 15 -82 7z\"\/><path d=\"M3689 3066 c-15 -9 -33 -30 -42 -48 -48 -103 -147 -355 -147 -375 0 -98 131 -148 192 -74 13 15 57 108 97 206 80 196 84 226 37 273 -30 30 -99 39 -137 18z\"\/><path d=\"M583 2784 c-38 -19 -67 -74 -58 -113 9 -42 211 -354 242 -373 16 -10 45 -18 66 -18 51 0 107 52 107 100 0 39 -1 41 -124 234 -80 126 -108 162 -133 173 -41 17 -61 16 -100 -3z\"\/><path d=\"M4250 2784 c-14 -9 -74 -91 -133 -183 -95 -150 -107 -173 -107 -213 0 -55 33 -94 87 -104 67 -13 90 8 211 198 130 202 137 225 78 284 -27 27 -42 34 -72 34 -22 0 -50 -8 -64 -16z\"\/><path d=\"M2275 2693 c-553 -48 -1095 -270 -1585 -649 -135 -104 -459 -423 -483 -476 -23 -49 -22 -139 2 -186 73 -142 361 -457 571 -626 285 -228 642 -407 990 -497 242 -63 336 -73 660 -74 310 0 370 5 595 52 535 111 1045 392 1455 803 122 121 250 273 275 326 19 41 19 137 0 174 -41 79 -309 363 -465 492 -447 370 -946 591 -1479 653 -113 14 -422 18 -536 8z m395 -428 c171 -34 330 -124 456 -258 112 -119 167 -219 211 -378 27 -96 24 -300 -5 -401 -72 -255 -236 -447 -474 -557 -132 -62 -201 -76 -368 -76 -167 0 -236 14 -368 76 -213 98 -373 271 -451 485 -162 444 86 934 547 1084 153 49 292 57 452 25z m909 -232 c222 -123 408 -262 593 -441 76 -74 138 -139 138 -144 0 -16 -233 -242 -330 -319 -155 -123 -309 -223 -461 -299 l-81 -41 32 46 c18 26 49 83 70 128 143 306 141 649 -6 957 -25 52 -61 116 -79 142 l-34 47 45 -20 c26 -10 76 -36 113 -56z m-2057 25 c-40 -58 -105 -190 -130 -263 -110 -324 -59 -707 132 -981 25 -35 42 -64 37 -64 -19 0 -241 119 -326 174 -188 122 -406 314 -532 468 l-58 71 108 103 c185 178 428 349 672 473 66 33 121 60 123 61 2 0 -10 -19 -26 -42z\"\/><path d=\"M2375 1950 c-198 -44 -350 -190 -395 -379 -18 -76 -8 -221 19 -290 114 -284 457 -406 731 -260 98 52 188 154 231 260 27 69 37 214 19 290 -38 163 -166 304 -326 360 -67 23 -215 33 -279 19z\"\/><\/g><\/svg><\/i> <img loading=\"lazy\" decoding=\"async\" width=\"16\" height=\"16\" alt=\"Loading\" src=\"https:\/\/alboradatixtla.com\/wp-content\/plugins\/page-views-count\/ajax-loader-2x.gif\" border=0 \/><\/p><div class=\"pvc_clear\"><\/div>\n<p>*Reconoce la mandataria estatal la voluntad del sector empresarial para brindar oportunidades laborales a las juventudes de Guerrero<\/p>\n\n\n\n<p>*Reafirma Evelyn Salgado su compromiso de trabajar con las c\u00e1maras empresariales del estado para impulsar empleos dignos y formales<\/p>\n\n\n\n<p>Chilpancingo, Gro., 21 de agosto de 2026.- Con el objetivo de vincular de manera r\u00e1pida, gratuita y directa a las personas buscadoras de empleo con empresas y reclutadores de diversos sectores, la gobernadora Evelyn Salgado Pineda inaugur\u00f3 la D\u00e9cima Feria Nacional del Empleo para las Juventudes 2026, en el lobby del Auditorio Sentimientos de la Naci\u00f3n, en Chilpancingo.<\/p>\n\n\n\n<p>Durante el acto inaugural, la mandataria estatal reconoci\u00f3 la voluntad y el compromiso del sector empresarial de Guerrero para brindar oportunidades laborales a las juventudes, y destac\u00f3 la participaci\u00f3n de 41 empresas locales y nacionales, as\u00ed como de instituciones p\u00fablicas, que en conjunto ofertaron 500 vacantes de empleo formal.<\/p>\n\n\n\n<p>Salgado Pineda se\u00f1al\u00f3 que estas oportunidades representan un acto de justicia social para las y los j\u00f3venes de Chilpancingo, quienes encuentran en estas alternativas un nuevo comienzo para construir su trayectoria profesional.<\/p>\n\n\n\n<p>La gobernadora asegur\u00f3 que su administraci\u00f3n continuar\u00e1 trabajando de la mano con las c\u00e1maras empresariales de Guerrero para generar empleos dignos y formales, porque, dijo, contar con un trabajo no significa \u00fanicamente tener un ingreso, sino tambi\u00e9n alcanzar independencia y concretar proyectos de vida.<\/p>\n\n\n\n<p>\u201cHoy les decimos que desde el Gobierno estatal seguiremos generando estos espacios para las y los j\u00f3venes que buscan abrirse un camino profesional. Para muchos, esta es su primera oportunidad y hoy caminamos con ustedes para que logren concretar sus metas y contribuyan al desarrollo de Guerrero\u201d, expres\u00f3.<\/p>\n\n\n\n<p>En el marco de agosto, Mes de las Juventudes, Evelyn Salgado destac\u00f3 que las y los j\u00f3venes guerrerenses tienen \u201cgarra, compromiso y grandes ilusiones por salir adelante\u201d, por lo que agradeci\u00f3 y felicit\u00f3 al sector empresarial, particularmente al de Chilpancingo, por abrir oportunidades laborales dignas y formales.<\/p>\n\n\n\n<p>Asimismo, pidi\u00f3 a las empresas confiar en las capacidades de las juventudes y a las y los j\u00f3venes aprovechar las oportunidades que ofrecen estas ferias, al se\u00f1alar que el Gobierno del Estado continuar\u00e1 impulsando acciones que generen resultados y mejores condiciones de desarrollo para este sector de la poblaci\u00f3n.<\/p>\n\n\n\n<p>Por su parte, el secretario del Trabajo y Previsi\u00f3n Social, Omar Estrada Bustos, destac\u00f3 que las ferias del empleo se han realizado durante la actual administraci\u00f3n en las ocho regiones del estado, con un acumulado de casi 25 mil personas buscadoras de empleo atendidas y m\u00e1s de 9 mil trabajadores colocados en empleos del sector p\u00fablico, empresas privadas locales y nacionales, as\u00ed como en oportunidades laborales en el extranjero.<\/p>\n\n\n\n<p>Subray\u00f3 que estas acciones representan un apoyo invaluable para las juventudes y reflejan el compromiso de un gobierno que busca generar mejores condiciones de desarrollo mediante el empleo.<\/p>\n\n\n\n<p>\u201cEste gobierno se ha distinguido por hacer de la creatividad y la innovaci\u00f3n grandes aliados. Podemos ver una gran disposici\u00f3n del sector empresarial al ofertar vacantes y empleos dignos, sobre todo para las juventudes. En Guerrero, el 30 por ciento de la poblaci\u00f3n son j\u00f3venes que buscan oportunidades de crecimiento\u201d, expres\u00f3, el funcionario estatal.<\/p>\n\n\n\n<p>Estrada Bustos se\u00f1al\u00f3 que el empleo constituye una de las principales herramientas de pol\u00edtica social y destac\u00f3 que, mediante esta d\u00e9cima feria, se brindan nuevas oportunidades para el crecimiento personal y profesional de las juventudes.<\/p>\n\n\n\n<p>En su intervenci\u00f3n, el secretario de la Juventud y la Ni\u00f1ez, Carlos S\u00e1nchez Garc\u00eda, afirm\u00f3 que las y los j\u00f3venes merecen oportunidades en todos los \u00e1mbitos. Se\u00f1al\u00f3 que, en seguimiento a las pol\u00edticas p\u00fablicas impulsadas por la gobernadora Evelyn Salgado Pineda, se generan espacios y entornos dignos para este sector, adem\u00e1s de buscar nuevos canales que permitan ampliar sus oportunidades de desarrollo.<\/p>\n\n\n\n<p>Por su parte, el presidente de COPARMEX Chilpancingo, Marco Antonio Rodr\u00edguez Canacasco, reconoci\u00f3 la disposici\u00f3n del gobierno del estado para mantener un di\u00e1logo abierto con el sector empresarial y trabajar de manera coordinada en beneficio de las juventudes.<\/p>\n\n\n\n<p>Durante la feria se brind\u00f3 apoyo a las personas buscadoras de empleo mediante el llenado de curr\u00edculums y asesor\u00edas jur\u00eddicas, con el prop\u00f3sito de orientar tanto a trabajadores como a empleadores y promover vacantes dignas, contratos claros y el respeto a los derechos laborales.<\/p>\n\n\n\n<p>Tambi\u00e9n se instalaron stands informativos de diversas dependencias gubernamentales, empresas privadas, instituciones educativas y del sector salud.<\/p>\n\n\n\n<p>Entre las instituciones que ofertaron vacantes se encontraron la Secretar\u00eda de Marina-Armada de M\u00e9xico, la Guardia Nacional, el Instituto Nacional de Estad\u00edstica y Geograf\u00eda (INEGI), la Secretar\u00eda de Seguridad P\u00fablica y el Servicio de Protecci\u00f3n Federal, dependencias que buscan fortalecer sus plantillas laborales mediante la incorporaci\u00f3n de personas que cumplan con perfiles espec\u00edficos.<\/p>\n\n\n\n<p>Asimismo, el Centro de Conciliaci\u00f3n Laboral, ICATEGRO, IMSS, Registro Civil, SAT y Financiera para el Bienestar ofrecieron informaci\u00f3n sobre los servicios que brindan a la poblaci\u00f3n.<br>En cuanto al sector privado, participaron empresas como Bioparques de Occidente, FEMSA Coca-Cola, Nissan, Office Depot, Grupo Casasola, Calzado Megashoes, Coppel y Grupo Elektra.<\/p>\n\n\n\n<p>Acompa\u00f1aron a la gobernadora en este acto el secretario de la Juventud y la Ni\u00f1ez, Carlos S\u00e1nchez Garc\u00eda; el comandante de la Octava Regi\u00f3n Naval, Mart\u00edn Enrique Barney Montalvo; el coordinador estatal de la Guardia Nacional, \u00d3scar Garc\u00eda Ponce de Le\u00f3n; el presidente de COPARMEX Chilpancingo, Marco Antonio Rodr\u00edguez Canacasco, y el senador con licencia, F\u00e9lix Salgado Macedonio.<\/p>\n\n\n\n<figure class=\"wp-block-gallery has-nested-images columns-default is-cropped wp-block-gallery-1 is-layout-flex wp-block-gallery-is-layout-flex\">\n<figure class=\"wp-block-image size-large\"><img loading=\"lazy\" decoding=\"async\" width=\"682\" height=\"1024\" data-id=\"3446\" src=\"https:\/\/alboradatixtla.com\/wp-content\/uploads\/2026\/08\/a-682x1024.jpeg\" alt=\"\" class=\"wp-image-3446\" srcset=\"https:\/\/alboradatixtla.com\/wp-content\/uploads\/2026\/08\/a-682x1024.jpeg 682w, https:\/\/alboradatixtla.com\/wp-content\/uploads\/2026\/08\/a-200x300.jpeg 200w, https:\/\/alboradatixtla.com\/wp-content\/uploads\/2026\/08\/a-768x1152.jpeg 768w, https:\/\/alboradatixtla.com\/wp-content\/uploads\/2026\/08\/a.jpeg 853w\" sizes=\"auto, (max-width: 682px) 100vw, 682px\" \/><\/figure>\n\n\n\n<figure class=\"wp-block-image size-large\"><img loading=\"lazy\" decoding=\"async\" width=\"1024\" height=\"682\" data-id=\"3455\" src=\"https:\/\/alboradatixtla.com\/wp-content\/uploads\/2026\/08\/b-1024x682.jpeg\" alt=\"\" class=\"wp-image-3455\" srcset=\"https:\/\/alboradatixtla.com\/wp-content\/uploads\/2026\/08\/b-1024x682.jpeg 1024w, https:\/\/alboradatixtla.com\/wp-content\/uploads\/2026\/08\/b-300x200.jpeg 300w, https:\/\/alboradatixtla.com\/wp-content\/uploads\/2026\/08\/b-768x512.jpeg 768w, https:\/\/alboradatixtla.com\/wp-content\/uploads\/2026\/08\/b.jpeg 1280w\" sizes=\"auto, (max-width: 1024px) 100vw, 1024px\" \/><\/figure>\n\n\n\n<figure class=\"wp-block-image size-large\"><img loading=\"lazy\" decoding=\"async\" width=\"1024\" height=\"682\" data-id=\"3450\" src=\"https:\/\/alboradatixtla.com\/wp-content\/uploads\/2026\/08\/c-1024x682.jpeg\" alt=\"\" class=\"wp-image-3450\" srcset=\"https:\/\/alboradatixtla.com\/wp-content\/uploads\/2026\/08\/c-1024x682.jpeg 1024w, https:\/\/alboradatixtla.com\/wp-content\/uploads\/2026\/08\/c-300x200.jpeg 300w, https:\/\/alboradatixtla.com\/wp-content\/uploads\/2026\/08\/c-768x512.jpeg 768w, https:\/\/alboradatixtla.com\/wp-content\/uploads\/2026\/08\/c.jpeg 1280w\" sizes=\"auto, (max-width: 1024px) 100vw, 1024px\" \/><\/figure>\n\n\n\n<figure class=\"wp-block-image size-large\"><img loading=\"lazy\" decoding=\"async\" width=\"1024\" height=\"682\" data-id=\"3449\" src=\"https:\/\/alboradatixtla.com\/wp-content\/uploads\/2026\/08\/d-1024x682.jpeg\" alt=\"\" class=\"wp-image-3449\" srcset=\"https:\/\/alboradatixtla.com\/wp-content\/uploads\/2026\/08\/d-1024x682.jpeg 1024w, https:\/\/alboradatixtla.com\/wp-content\/uploads\/2026\/08\/d-300x200.jpeg 300w, https:\/\/alboradatixtla.com\/wp-content\/uploads\/2026\/08\/d-768x512.jpeg 768w, https:\/\/alboradatixtla.com\/wp-content\/uploads\/2026\/08\/d.jpeg 1280w\" sizes=\"auto, (max-width: 1024px) 100vw, 1024px\" \/><\/figure>\n\n\n\n<figure class=\"wp-block-image size-large\"><img loading=\"lazy\" decoding=\"async\" width=\"1024\" height=\"682\" data-id=\"3453\" src=\"https:\/\/alboradatixtla.com\/wp-content\/uploads\/2026\/08\/e-1024x682.jpeg\" alt=\"\" class=\"wp-image-3453\" srcset=\"https:\/\/alboradatixtla.com\/wp-content\/uploads\/2026\/08\/e-1024x682.jpeg 1024w, https:\/\/alboradatixtla.com\/wp-content\/uploads\/2026\/08\/e-300x200.jpeg 300w, https:\/\/alboradatixtla.com\/wp-content\/uploads\/2026\/08\/e-768x512.jpeg 768w, https:\/\/alboradatixtla.com\/wp-content\/uploads\/2026\/08\/e.jpeg 1280w\" sizes=\"auto, (max-width: 1024px) 100vw, 1024px\" \/><\/figure>\n\n\n\n<figure class=\"wp-block-image size-large\"><img loading=\"lazy\" decoding=\"async\" width=\"1024\" height=\"682\" data-id=\"3448\" src=\"https:\/\/alboradatixtla.com\/wp-content\/uploads\/2026\/08\/f-1024x682.jpeg\" alt=\"\" class=\"wp-image-3448\" srcset=\"https:\/\/alboradatixtla.com\/wp-content\/uploads\/2026\/08\/f-1024x682.jpeg 1024w, https:\/\/alboradatixtla.com\/wp-content\/uploads\/2026\/08\/f-300x200.jpeg 300w, https:\/\/alboradatixtla.com\/wp-content\/uploads\/2026\/08\/f-768x512.jpeg 768w, https:\/\/alboradatixtla.com\/wp-content\/uploads\/2026\/08\/f.jpeg 1280w\" sizes=\"auto, (max-width: 1024px) 100vw, 1024px\" \/><\/figure>\n\n\n\n<figure class=\"wp-block-image size-large\"><img loading=\"lazy\" decoding=\"async\" width=\"1024\" height=\"682\" data-id=\"3454\" src=\"https:\/\/alboradatixtla.com\/wp-content\/uploads\/2026\/08\/g-1-1024x682.jpeg\" alt=\"\" class=\"wp-image-3454\" srcset=\"https:\/\/alboradatixtla.com\/wp-content\/uploads\/2026\/08\/g-1-1024x682.jpeg 1024w, https:\/\/alboradatixtla.com\/wp-content\/uploads\/2026\/08\/g-1-300x200.jpeg 300w, https:\/\/alboradatixtla.com\/wp-content\/uploads\/2026\/08\/g-1-768x512.jpeg 768w, https:\/\/alboradatixtla.com\/wp-content\/uploads\/2026\/08\/g-1.jpeg 1280w\" sizes=\"auto, (max-width: 1024px) 100vw, 1024px\" \/><\/figure>\n\n\n\n<figure class=\"wp-block-image size-large\"><img loading=\"lazy\" decoding=\"async\" width=\"1024\" height=\"682\" data-id=\"3447\" src=\"https:\/\/alboradatixtla.com\/wp-content\/uploads\/2026\/08\/h-1024x682.jpeg\" alt=\"\" class=\"wp-image-3447\" srcset=\"https:\/\/alboradatixtla.com\/wp-content\/uploads\/2026\/08\/h-1024x682.jpeg 1024w, https:\/\/alboradatixtla.com\/wp-content\/uploads\/2026\/08\/h-300x200.jpeg 300w, https:\/\/alboradatixtla.com\/wp-content\/uploads\/2026\/08\/h-768x512.jpeg 768w, https:\/\/alboradatixtla.com\/wp-content\/uploads\/2026\/08\/h.jpeg 1280w\" sizes=\"auto, (max-width: 1024px) 100vw, 1024px\" \/><\/figure>\n\n\n\n<figure class=\"wp-block-image size-large\"><img loading=\"lazy\" decoding=\"async\" width=\"1024\" height=\"773\" data-id=\"3456\" src=\"https:\/\/alboradatixtla.com\/wp-content\/uploads\/2026\/08\/i-1024x773.jpeg\" alt=\"\" class=\"wp-image-3456\" srcset=\"https:\/\/alboradatixtla.com\/wp-content\/uploads\/2026\/08\/i-1024x773.jpeg 1024w, https:\/\/alboradatixtla.com\/wp-content\/uploads\/2026\/08\/i-300x226.jpeg 300w, https:\/\/alboradatixtla.com\/wp-content\/uploads\/2026\/08\/i-768x580.jpeg 768w, https:\/\/alboradatixtla.com\/wp-content\/uploads\/2026\/08\/i.jpeg 1280w\" sizes=\"auto, (max-width: 1024px) 100vw, 1024px\" \/><\/figure>\n\n\n\n<figure class=\"wp-block-image size-large\"><img loading=\"lazy\" decoding=\"async\" width=\"1024\" height=\"682\" data-id=\"3457\" src=\"https:\/\/alboradatixtla.com\/wp-content\/uploads\/2026\/08\/j-1024x682.jpeg\" alt=\"\" class=\"wp-image-3457\" srcset=\"https:\/\/alboradatixtla.com\/wp-content\/uploads\/2026\/08\/j-1024x682.jpeg 1024w, https:\/\/alboradatixtla.com\/wp-content\/uploads\/2026\/08\/j-300x200.jpeg 300w, https:\/\/alboradatixtla.com\/wp-content\/uploads\/2026\/08\/j-768x512.jpeg 768w, https:\/\/alboradatixtla.com\/wp-content\/uploads\/2026\/08\/j.jpeg 1280w\" sizes=\"auto, (max-width: 1024px) 100vw, 1024px\" \/><\/figure>\n\n\n\n<figure class=\"wp-block-image size-large\"><img loading=\"lazy\" decoding=\"async\" width=\"1024\" height=\"682\" data-id=\"3451\" src=\"https:\/\/alboradatixtla.com\/wp-content\/uploads\/2026\/08\/k-1024x682.jpeg\" alt=\"\" class=\"wp-image-3451\" srcset=\"https:\/\/alboradatixtla.com\/wp-content\/uploads\/2026\/08\/k-1024x682.jpeg 1024w, https:\/\/alboradatixtla.com\/wp-content\/uploads\/2026\/08\/k-300x200.jpeg 300w, https:\/\/alboradatixtla.com\/wp-content\/uploads\/2026\/08\/k-768x512.jpeg 768w, https:\/\/alboradatixtla.com\/wp-content\/uploads\/2026\/08\/k.jpeg 1280w\" sizes=\"auto, (max-width: 1024px) 100vw, 1024px\" \/><\/figure>\n\n\n\n<figure class=\"wp-block-image size-large\"><img loading=\"lazy\" decoding=\"async\" width=\"1024\" height=\"682\" data-id=\"3452\" src=\"https:\/\/alboradatixtla.com\/wp-content\/uploads\/2026\/08\/l-1024x682.jpeg\" alt=\"\" class=\"wp-image-3452\" srcset=\"https:\/\/alboradatixtla.com\/wp-content\/uploads\/2026\/08\/l-1024x682.jpeg 1024w, https:\/\/alboradatixtla.com\/wp-content\/uploads\/2026\/08\/l-300x200.jpeg 300w, https:\/\/alboradatixtla.com\/wp-content\/uploads\/2026\/08\/l-768x512.jpeg 768w, https:\/\/alboradatixtla.com\/wp-content\/uploads\/2026\/08\/l.jpeg 1280w\" sizes=\"auto, (max-width: 1024px) 100vw, 1024px\" \/><\/figure>\n<\/figure>\n","protected":false},"excerpt":{"rendered":"<div class=\"pvc_clear\"><\/div>\n<p id=\"pvc_stats_3444\" class=\"pvc_stats all  \" data-element-id=\"3444\" style=\"\"><i class=\"pvc-stats-icon medium\" aria-hidden=\"true\"><svg xmlns=\"http:\/\/www.w3.org\/2000\/svg\" version=\"1.0\" viewBox=\"0 0 502 315\" preserveAspectRatio=\"xMidYMid meet\"><g transform=\"translate(0,332) scale(0.1,-0.1)\" fill=\"\" stroke=\"none\"><path d=\"M2394 3279 l-29 -30 -3 -207 c-2 -182 0 -211 15 -242 39 -76 157 -76 196 0 15 31 17 60 15 243 l-3 209 -33 29 c-26 23 -41 29 -80 29 -41 0 -53 -5 -78 -31z\"\/><path d=\"M3085 3251 c-45 -19 -58 -50 -96 -229 -47 -217 -49 -260 -13 -295 52 -53 146 -42 177 20 16 31 87 366 87 410 0 70 -86 122 -155 94z\"\/><path d=\"M1751 3234 c-13 -9 -29 -31 -37 -50 -12 -29 -10 -49 21 -204 19 -94 39 -189 45 -210 14 -50 54 -80 110 -80 34 0 48 6 76 34 21 21 34 44 34 59 0 14 -18 113 -40 219 -37 178 -43 195 -70 221 -36 32 -101 37 -139 11z\"\/><path d=\"M1163 3073 c-36 -7 -73 -59 -73 -102 0 -56 133 -378 171 -413 34 -32 83 -37 129 -13 70 36 67 87 -16 290 -86 209 -89 214 -129 231 -35 14 -42 15 -82 7z\"\/><path d=\"M3689 3066 c-15 -9 -33 -30 -42 -48 -48 -103 -147 -355 -147 -375 0 -98 131 -148 192 -74 13 15 57 108 97 206 80 196 84 226 37 273 -30 30 -99 39 -137 18z\"\/><path d=\"M583 2784 c-38 -19 -67 -74 -58 -113 9 -42 211 -354 242 -373 16 -10 45 -18 66 -18 51 0 107 52 107 100 0 39 -1 41 -124 234 -80 126 -108 162 -133 173 -41 17 -61 16 -100 -3z\"\/><path d=\"M4250 2784 c-14 -9 -74 -91 -133 -183 -95 -150 -107 -173 -107 -213 0 -55 33 -94 87 -104 67 -13 90 8 211 198 130 202 137 225 78 284 -27 27 -42 34 -72 34 -22 0 -50 -8 -64 -16z\"\/><path d=\"M2275 2693 c-553 -48 -1095 -270 -1585 -649 -135 -104 -459 -423 -483 -476 -23 -49 -22 -139 2 -186 73 -142 361 -457 571 -626 285 -228 642 -407 990 -497 242 -63 336 -73 660 -74 310 0 370 5 595 52 535 111 1045 392 1455 803 122 121 250 273 275 326 19 41 19 137 0 174 -41 79 -309 363 -465 492 -447 370 -946 591 -1479 653 -113 14 -422 18 -536 8z m395 -428 c171 -34 330 -124 456 -258 112 -119 167 -219 211 -378 27 -96 24 -300 -5 -401 -72 -255 -236 -447 -474 -557 -132 -62 -201 -76 -368 -76 -167 0 -236 14 -368 76 -213 98 -373 271 -451 485 -162 444 86 934 547 1084 153 49 292 57 452 25z m909 -232 c222 -123 408 -262 593 -441 76 -74 138 -139 138 -144 0 -16 -233 -242 -330 -319 -155 -123 -309 -223 -461 -299 l-81 -41 32 46 c18 26 49 83 70 128 143 306 141 649 -6 957 -25 52 -61 116 -79 142 l-34 47 45 -20 c26 -10 76 -36 113 -56z m-2057 25 c-40 -58 -105 -190 -130 -263 -110 -324 -59 -707 132 -981 25 -35 42 -64 37 -64 -19 0 -241 119 -326 174 -188 122 -406 314 -532 468 l-58 71 108 103 c185 178 428 349 672 473 66 33 121 60 123 61 2 0 -10 -19 -26 -42z\"\/><path d=\"M2375 1950 c-198 -44 -350 -190 -395 -379 -18 -76 -8 -221 19 -290 114 -284 457 -406 731 -260 98 52 188 154 231 260 27 69 37 214 19 290 -38 163 -166 304 -326 360 -67 23 -215 33 -279 19z\"\/><\/g><\/svg><\/i> <img loading=\"lazy\" decoding=\"async\" width=\"16\" height=\"16\" alt=\"Loading\" src=\"https:\/\/alboradatixtla.com\/wp-content\/plugins\/page-views-count\/ajax-loader-2x.gif\" border=0 \/><\/p>\n<div class=\"pvc_clear\"><\/div>\n<p>*Reconoce la mandataria estatal la voluntad del sector empresarial para brindar oportunidades laborales a las juventudes de Guerrero *Reafirma Evelyn<\/p>\n","protected":false},"author":3,"featured_media":3445,"comment_status":"open","ping_status":"open","sticky":false,"template":"","format":"standard","meta":{"colormag_page_container_layout":"default_layout","colormag_page_sidebar_layout":"default_layout","_monsterinsights_skip_tracking":false,"episode_type":"","audio_file":"","podmotor_file_id":"","podmotor_episode_id":"","cover_image":"","cover_image_id":"","duration":"","filesize":"","filesize_raw":"","date_recorded":"","explicit":"","block":"","footnotes":"","jetpack_publicize_message":"","jetpack_publicize_feature_enabled":true,"jetpack_social_post_already_shared":true,"jetpack_social_options":{"image_generator_settings":{"template":"highway","default_image_id":0,"font":"","enabled":false},"version":2}},"categories":[36,28,9,13],"tags":[],"class_list":["post-3444","post","type-post","status-publish","format-standard","has-post-thumbnail","hentry","category-chilpancingo","category-economia","category-guerrero","category-recientes"],"a3_pvc":{"activated":true,"total_views":6,"today_views":0},"jetpack_publicize_connections":[],"_links":{"self":[{"href":"https:\/\/alboradatixtla.com\/index.php?rest_route=\/wp\/v2\/posts\/3444","targetHints":{"allow":["GET"]}}],"collection":[{"href":"https:\/\/alboradatixtla.com\/index.php?rest_route=\/wp\/v2\/posts"}],"about":[{"href":"https:\/\/alboradatixtla.com\/index.php?rest_route=\/wp\/v2\/types\/post"}],"author":[{"embeddable":true,"href":"https:\/\/alboradatixtla.com\/index.php?rest_route=\/wp\/v2\/users\/3"}],"replies":[{"embeddable":true,"href":"https:\/\/alboradatixtla.com\/index.php?rest_route=%2Fwp%2Fv2%2Fcomments&post=3444"}],"version-history":[{"count":1,"href":"https:\/\/alboradatixtla.com\/index.php?rest_route=\/wp\/v2\/posts\/3444\/revisions"}],"predecessor-version":[{"id":3458,"href":"https:\/\/alboradatixtla.com\/index.php?rest_route=\/wp\/v2\/posts\/3444\/revisions\/3458"}],"wp:featuredmedia":[{"embeddable":true,"href":"https:\/\/alboradatixtla.com\/index.php?rest_route=\/wp\/v2\/media\/3445"}],"wp:attachment":[{"href":"https:\/\/alboradatixtla.com\/index.php?rest_route=%2Fwp%2Fv2%2Fmedia&parent=3444"}],"wp:term":[{"taxonomy":"category","embeddable":true,"href":"https:\/\/alboradatixtla.com\/index.php?rest_route=%2Fwp%2Fv2%2Fcategories&post=3444"},{"taxonomy":"post_tag","embeddable":true,"href":"https:\/\/alboradatixtla.com\/index.php?rest_route=%2Fwp%2Fv2%2Ftags&post=3444"}],"curies":[{"name":"wp","href":"https:\/\/api.w.org\/{rel}","templated":true}]}}