{"id":3382,"date":"2026-08-07T18:48:23","date_gmt":"2026-08-08T00:48:23","guid":{"rendered":"https:\/\/alboradatixtla.com\/?p=3382"},"modified":"2026-08-07T18:48:23","modified_gmt":"2026-08-08T00:48:23","slug":"danea-italivi-ortega-es-electa-gobernadora-infantil-2026","status":"publish","type":"post","link":"https:\/\/alboradatixtla.com\/?p=3382","title":{"rendered":"Danea Italivi Ortega es electa Gobernadora Infantil 2026"},"content":{"rendered":"<div class=\"pvc_clear\"><\/div><p id=\"pvc_stats_3382\" class=\"pvc_stats all  \" data-element-id=\"3382\" style=\"\"><i class=\"pvc-stats-icon medium\" aria-hidden=\"true\"><svg xmlns=\"http:\/\/www.w3.org\/2000\/svg\" version=\"1.0\" viewBox=\"0 0 502 315\" preserveAspectRatio=\"xMidYMid meet\"><g transform=\"translate(0,332) scale(0.1,-0.1)\" fill=\"\" stroke=\"none\"><path d=\"M2394 3279 l-29 -30 -3 -207 c-2 -182 0 -211 15 -242 39 -76 157 -76 196 0 15 31 17 60 15 243 l-3 209 -33 29 c-26 23 -41 29 -80 29 -41 0 -53 -5 -78 -31z\"\/><path d=\"M3085 3251 c-45 -19 -58 -50 -96 -229 -47 -217 -49 -260 -13 -295 52 -53 146 -42 177 20 16 31 87 366 87 410 0 70 -86 122 -155 94z\"\/><path d=\"M1751 3234 c-13 -9 -29 -31 -37 -50 -12 -29 -10 -49 21 -204 19 -94 39 -189 45 -210 14 -50 54 -80 110 -80 34 0 48 6 76 34 21 21 34 44 34 59 0 14 -18 113 -40 219 -37 178 -43 195 -70 221 -36 32 -101 37 -139 11z\"\/><path d=\"M1163 3073 c-36 -7 -73 -59 -73 -102 0 -56 133 -378 171 -413 34 -32 83 -37 129 -13 70 36 67 87 -16 290 -86 209 -89 214 -129 231 -35 14 -42 15 -82 7z\"\/><path d=\"M3689 3066 c-15 -9 -33 -30 -42 -48 -48 -103 -147 -355 -147 -375 0 -98 131 -148 192 -74 13 15 57 108 97 206 80 196 84 226 37 273 -30 30 -99 39 -137 18z\"\/><path d=\"M583 2784 c-38 -19 -67 -74 -58 -113 9 -42 211 -354 242 -373 16 -10 45 -18 66 -18 51 0 107 52 107 100 0 39 -1 41 -124 234 -80 126 -108 162 -133 173 -41 17 -61 16 -100 -3z\"\/><path d=\"M4250 2784 c-14 -9 -74 -91 -133 -183 -95 -150 -107 -173 -107 -213 0 -55 33 -94 87 -104 67 -13 90 8 211 198 130 202 137 225 78 284 -27 27 -42 34 -72 34 -22 0 -50 -8 -64 -16z\"\/><path d=\"M2275 2693 c-553 -48 -1095 -270 -1585 -649 -135 -104 -459 -423 -483 -476 -23 -49 -22 -139 2 -186 73 -142 361 -457 571 -626 285 -228 642 -407 990 -497 242 -63 336 -73 660 -74 310 0 370 5 595 52 535 111 1045 392 1455 803 122 121 250 273 275 326 19 41 19 137 0 174 -41 79 -309 363 -465 492 -447 370 -946 591 -1479 653 -113 14 -422 18 -536 8z m395 -428 c171 -34 330 -124 456 -258 112 -119 167 -219 211 -378 27 -96 24 -300 -5 -401 -72 -255 -236 -447 -474 -557 -132 -62 -201 -76 -368 -76 -167 0 -236 14 -368 76 -213 98 -373 271 -451 485 -162 444 86 934 547 1084 153 49 292 57 452 25z m909 -232 c222 -123 408 -262 593 -441 76 -74 138 -139 138 -144 0 -16 -233 -242 -330 -319 -155 -123 -309 -223 -461 -299 l-81 -41 32 46 c18 26 49 83 70 128 143 306 141 649 -6 957 -25 52 -61 116 -79 142 l-34 47 45 -20 c26 -10 76 -36 113 -56z m-2057 25 c-40 -58 -105 -190 -130 -263 -110 -324 -59 -707 132 -981 25 -35 42 -64 37 -64 -19 0 -241 119 -326 174 -188 122 -406 314 -532 468 l-58 71 108 103 c185 178 428 349 672 473 66 33 121 60 123 61 2 0 -10 -19 -26 -42z\"\/><path d=\"M2375 1950 c-198 -44 -350 -190 -395 -379 -18 -76 -8 -221 19 -290 114 -284 457 -406 731 -260 98 52 188 154 231 260 27 69 37 214 19 290 -38 163 -166 304 -326 360 -67 23 -215 33 -279 19z\"\/><\/g><\/svg><\/i> <img loading=\"lazy\" decoding=\"async\" width=\"16\" height=\"16\" alt=\"Loading\" src=\"https:\/\/alboradatixtla.com\/wp-content\/plugins\/page-views-count\/ajax-loader-2x.gif\" border=0 \/><\/p><div class=\"pvc_clear\"><\/div>\n<p>Participan 24 ni\u00f1as y ni\u00f1os en este ejercicio de formaci\u00f3n c\u00edvica y participaci\u00f3n democr\u00e1tica<\/p>\n\n\n\n<p>Chilpancingo, Gro., 7 de agosto de 2026.- Para fortalecer desde la infancia los valores democr\u00e1ticos y generar espacios donde las nuevas generaciones puedan expresar sus ideas y propuestas, el Gobierno del Estado, a trav\u00e9s de la Secretar\u00eda de la Juventud y la Ni\u00f1ez, llev\u00f3 a cabo la Elecci\u00f3n de la Gubernatura Infantil 2026, en la que participaron 24 ni\u00f1as y ni\u00f1os de manera virtual.<\/p>\n\n\n\n<p>Durante esta jornada de formaci\u00f3n c\u00edvica, las y los participantes presentaron sus propuestas e intercambiaron ideas sobre el Guerrero que desean construir, fortaleciendo valores como la participaci\u00f3n, el di\u00e1logo, la responsabilidad y el compromiso con su comunidad.<\/p>\n\n\n\n<p>La jornada cont\u00f3 con la participaci\u00f3n del secretario de la Juventud y la Ni\u00f1ez, Carlos S\u00e1nchez Garc\u00eda, quien refrend\u00f3 el compromiso de la administraci\u00f3n estatal de impulsar espacios de participaci\u00f3n para que la ni\u00f1ez guerrerense sea escuchada y reconocida como parte activa de la vida p\u00fablica.<\/p>\n\n\n\n<p>Tras la presentaci\u00f3n de propuestas y el proceso de votaci\u00f3n, Danea Italivi Ortega Salgado fue electa Gobernadora Infantil 2026, quien representar\u00e1 a la ni\u00f1ez guerrerense y encabezar\u00e1, junto con las y los integrantes seleccionados, el Gabinete Estatal Infantil 2026.<\/p>\n\n\n\n<p>El proceso cont\u00f3 con el acompa\u00f1amiento del Instituto Electoral y de Participaci\u00f3n Ciudadana del Estado de Guerrero (IEPC Guerrero) y del Jurado Calificador, integrado por Olivia Leyva Mu\u00f1oz, Josabeth Barrag\u00e1n Torres y Javier Arturo Rodr\u00edguez Alarc\u00f3n.<\/p>\n\n\n\n<p>Tambi\u00e9n estuvieron presentes la consejera presidenta del IEPC Guerrero, Luz Fabiola Matildes Gama; la consejera presidenta de la Comisi\u00f3n de Educaci\u00f3n C\u00edvica y Participaci\u00f3n Ciudadana, Alejandra Sandoval Catal\u00e1n; as\u00ed como las consejeras integrantes de dicha Comisi\u00f3n, Dulce Merary Villalobos Tlatempa y Dora Luz Morales Leyva.<\/p>\n\n\n\n<p>La Gubernatura Infantil 2026 constituye un ejercicio que va m\u00e1s all\u00e1 de lo simb\u00f3lico, al permitir que ni\u00f1as y ni\u00f1os conozcan y ejerzan sus derechos, desarrollen habilidades de participaci\u00f3n y comprendan que sus opiniones son importantes para la construcci\u00f3n de su comunidad y de su estado.<\/p>\n\n\n\n<p>A trav\u00e9s de la Secretar\u00eda de la Juventud y la Ni\u00f1ez, el Gobierno del Estado mantiene una agenda orientada a fortalecer los derechos, la participaci\u00f3n y el desarrollo integral de las nuevas generaciones, mediante acciones coordinadas con instituciones vinculadas al bienestar de la infancia y la juventud.<\/p>\n\n\n\n<p>La elecci\u00f3n de Danea Italivi Ortega Salgado y la integraci\u00f3n del Gabinete Estatal Infantil 2026 representan un paso en la construcci\u00f3n de una cultura democr\u00e1tica desde las primeras etapas de la vida, al abrir espacios para que las nuevas generaciones expresen sus ideas y sean parte activa de la transformaci\u00f3n de Guerrero.<\/p>\n\n\n\n<p>El gobierno del estado refrenda su compromiso de construir un Guerrero donde las ni\u00f1as y los ni\u00f1os sean escuchados, tomados en cuenta y cuenten con espacios para participar en las decisiones y procesos que contribuyen al desarrollo estado.<\/p>\n\n\n\n<p>Gabinete Estatal Infantil 2026, qued\u00f3 integrado de la siguiente manera: en la Secretar\u00eda General de Gobierno, Alonso Moctezuma Navarrete;<br>Jefatura de Oficina de la Gubernatura, Isabella Astudillo Ocampo;<br>Presidencia DIF Guerrero, Guadalupe del Carmen Villalva Mojica;<br>Secretar\u00eda de Finanzas y Administraci\u00f3n, Gina Giselle Garc\u00eda Ram\u00edrez;<br>Oficial\u00eda Mayor de la Secretar\u00eda de Finanzas y Administraci\u00f3n, Naila Estrada Tadeo;<br>Secretar\u00eda de Bienestar, Sandra Paola Ocampo Sotelo;<br>Secretar\u00eda de Educaci\u00f3n, Daniela Sophia Rivera Rosas y<br>Secretar\u00eda de Seguridad P\u00fablica, Aitana Abigail Rosas Banegas.<\/p>\n\n\n\n<p>Mientras que en la Secretar\u00eda de Salud, se eligi\u00f3 a Estefan\u00eda Cuevas Arizmendi; en<br>Secretar\u00eda de Desarrollo Urbano, Obras P\u00fablicas y Ordenamiento Territorial, Kenia Yunuen Casta\u00f1eda S\u00e1nchez; en la<br>Secretar\u00eda de Agricultura, Ganader\u00eda, Pesca y Desarrollo Rural, Hannah Salem Mendoza Ju\u00e1rez; en la<br>Secretar\u00eda de Turismo, Aldo Delgado Chopin.<\/p>\n\n\n\n<p>Mientras que en la Secretar\u00eda de Gesti\u00f3n Integral de Riesgos y Protecci\u00f3n Civil, Shantal Bernab\u00e9 Soto; en la Secretar\u00eda de Fomento y Desarrollo Econ\u00f3mico, Briseida Alvear Tapia;<br>Secretar\u00eda de Contralor\u00eda y Transparencia Gubernamental, Carol Marisol Arellano Salgado.<\/p>\n\n\n\n<p>Como Secretaria de Planeaci\u00f3n y Desarrollo Regional, Lucero Quetzally Mendoza Alarc\u00f3n;<br>Secretar\u00eda de los Migrantes y Asuntos Internacionales, Ximena Arrieta Guti\u00e9rrez;<br>Secretar\u00eda para el Desarrollo de los Pueblos Ind\u00edgenas y Afromexicanos, Yoloxochitl Laura Procopio Cabrera;<br>Secretar\u00eda de la Mujer, Mariany Guadalupe Garc\u00eda Robles;<br>Secretar\u00eda del Trabajo y Previsi\u00f3n Social, Karen Paola Brito G\u00e1lvez.<br>Secretar\u00eda de Cultura, Sophie Yamile \u00c1vila Orihuela;<br>Secretar\u00eda de la Juventud y la Ni\u00f1ez, Valentina Adame Navarrete;<br>Secretar\u00eda de Medio Ambiente y Recursos Naturales, Cristhian Alexander Morales Rueda.<\/p>\n","protected":false},"excerpt":{"rendered":"<div class=\"pvc_clear\"><\/div>\n<p id=\"pvc_stats_3382\" class=\"pvc_stats all  \" data-element-id=\"3382\" style=\"\"><i class=\"pvc-stats-icon medium\" aria-hidden=\"true\"><svg xmlns=\"http:\/\/www.w3.org\/2000\/svg\" version=\"1.0\" viewBox=\"0 0 502 315\" preserveAspectRatio=\"xMidYMid meet\"><g transform=\"translate(0,332) scale(0.1,-0.1)\" fill=\"\" stroke=\"none\"><path d=\"M2394 3279 l-29 -30 -3 -207 c-2 -182 0 -211 15 -242 39 -76 157 -76 196 0 15 31 17 60 15 243 l-3 209 -33 29 c-26 23 -41 29 -80 29 -41 0 -53 -5 -78 -31z\"\/><path d=\"M3085 3251 c-45 -19 -58 -50 -96 -229 -47 -217 -49 -260 -13 -295 52 -53 146 -42 177 20 16 31 87 366 87 410 0 70 -86 122 -155 94z\"\/><path d=\"M1751 3234 c-13 -9 -29 -31 -37 -50 -12 -29 -10 -49 21 -204 19 -94 39 -189 45 -210 14 -50 54 -80 110 -80 34 0 48 6 76 34 21 21 34 44 34 59 0 14 -18 113 -40 219 -37 178 -43 195 -70 221 -36 32 -101 37 -139 11z\"\/><path d=\"M1163 3073 c-36 -7 -73 -59 -73 -102 0 -56 133 -378 171 -413 34 -32 83 -37 129 -13 70 36 67 87 -16 290 -86 209 -89 214 -129 231 -35 14 -42 15 -82 7z\"\/><path d=\"M3689 3066 c-15 -9 -33 -30 -42 -48 -48 -103 -147 -355 -147 -375 0 -98 131 -148 192 -74 13 15 57 108 97 206 80 196 84 226 37 273 -30 30 -99 39 -137 18z\"\/><path d=\"M583 2784 c-38 -19 -67 -74 -58 -113 9 -42 211 -354 242 -373 16 -10 45 -18 66 -18 51 0 107 52 107 100 0 39 -1 41 -124 234 -80 126 -108 162 -133 173 -41 17 -61 16 -100 -3z\"\/><path d=\"M4250 2784 c-14 -9 -74 -91 -133 -183 -95 -150 -107 -173 -107 -213 0 -55 33 -94 87 -104 67 -13 90 8 211 198 130 202 137 225 78 284 -27 27 -42 34 -72 34 -22 0 -50 -8 -64 -16z\"\/><path d=\"M2275 2693 c-553 -48 -1095 -270 -1585 -649 -135 -104 -459 -423 -483 -476 -23 -49 -22 -139 2 -186 73 -142 361 -457 571 -626 285 -228 642 -407 990 -497 242 -63 336 -73 660 -74 310 0 370 5 595 52 535 111 1045 392 1455 803 122 121 250 273 275 326 19 41 19 137 0 174 -41 79 -309 363 -465 492 -447 370 -946 591 -1479 653 -113 14 -422 18 -536 8z m395 -428 c171 -34 330 -124 456 -258 112 -119 167 -219 211 -378 27 -96 24 -300 -5 -401 -72 -255 -236 -447 -474 -557 -132 -62 -201 -76 -368 -76 -167 0 -236 14 -368 76 -213 98 -373 271 -451 485 -162 444 86 934 547 1084 153 49 292 57 452 25z m909 -232 c222 -123 408 -262 593 -441 76 -74 138 -139 138 -144 0 -16 -233 -242 -330 -319 -155 -123 -309 -223 -461 -299 l-81 -41 32 46 c18 26 49 83 70 128 143 306 141 649 -6 957 -25 52 -61 116 -79 142 l-34 47 45 -20 c26 -10 76 -36 113 -56z m-2057 25 c-40 -58 -105 -190 -130 -263 -110 -324 -59 -707 132 -981 25 -35 42 -64 37 -64 -19 0 -241 119 -326 174 -188 122 -406 314 -532 468 l-58 71 108 103 c185 178 428 349 672 473 66 33 121 60 123 61 2 0 -10 -19 -26 -42z\"\/><path d=\"M2375 1950 c-198 -44 -350 -190 -395 -379 -18 -76 -8 -221 19 -290 114 -284 457 -406 731 -260 98 52 188 154 231 260 27 69 37 214 19 290 -38 163 -166 304 -326 360 -67 23 -215 33 -279 19z\"\/><\/g><\/svg><\/i> <img loading=\"lazy\" decoding=\"async\" width=\"16\" height=\"16\" alt=\"Loading\" src=\"https:\/\/alboradatixtla.com\/wp-content\/plugins\/page-views-count\/ajax-loader-2x.gif\" border=0 \/><\/p>\n<div class=\"pvc_clear\"><\/div>\n<p>Participan 24 ni\u00f1as y ni\u00f1os en este ejercicio de formaci\u00f3n c\u00edvica y participaci\u00f3n democr\u00e1tica Chilpancingo, Gro., 7 de agosto de<\/p>\n","protected":false},"author":3,"featured_media":3383,"comment_status":"open","ping_status":"open","sticky":false,"template":"","format":"standard","meta":{"colormag_page_container_layout":"default_layout","colormag_page_sidebar_layout":"default_layout","_monsterinsights_skip_tracking":false,"episode_type":"","audio_file":"","podmotor_file_id":"","podmotor_episode_id":"","cover_image":"","cover_image_id":"","duration":"","filesize":"","filesize_raw":"","date_recorded":"","explicit":"","block":"","footnotes":"","jetpack_publicize_message":"","jetpack_publicize_feature_enabled":true,"jetpack_social_post_already_shared":true,"jetpack_social_options":{"image_generator_settings":{"template":"highway","default_image_id":0,"font":"","enabled":false},"version":2}},"categories":[9],"tags":[],"class_list":["post-3382","post","type-post","status-publish","format-standard","has-post-thumbnail","hentry","category-guerrero"],"a3_pvc":{"activated":true,"total_views":20,"today_views":0},"jetpack_publicize_connections":[],"_links":{"self":[{"href":"https:\/\/alboradatixtla.com\/index.php?rest_route=\/wp\/v2\/posts\/3382","targetHints":{"allow":["GET"]}}],"collection":[{"href":"https:\/\/alboradatixtla.com\/index.php?rest_route=\/wp\/v2\/posts"}],"about":[{"href":"https:\/\/alboradatixtla.com\/index.php?rest_route=\/wp\/v2\/types\/post"}],"author":[{"embeddable":true,"href":"https:\/\/alboradatixtla.com\/index.php?rest_route=\/wp\/v2\/users\/3"}],"replies":[{"embeddable":true,"href":"https:\/\/alboradatixtla.com\/index.php?rest_route=%2Fwp%2Fv2%2Fcomments&post=3382"}],"version-history":[{"count":1,"href":"https:\/\/alboradatixtla.com\/index.php?rest_route=\/wp\/v2\/posts\/3382\/revisions"}],"predecessor-version":[{"id":3384,"href":"https:\/\/alboradatixtla.com\/index.php?rest_route=\/wp\/v2\/posts\/3382\/revisions\/3384"}],"wp:featuredmedia":[{"embeddable":true,"href":"https:\/\/alboradatixtla.com\/index.php?rest_route=\/wp\/v2\/media\/3383"}],"wp:attachment":[{"href":"https:\/\/alboradatixtla.com\/index.php?rest_route=%2Fwp%2Fv2%2Fmedia&parent=3382"}],"wp:term":[{"taxonomy":"category","embeddable":true,"href":"https:\/\/alboradatixtla.com\/index.php?rest_route=%2Fwp%2Fv2%2Fcategories&post=3382"},{"taxonomy":"post_tag","embeddable":true,"href":"https:\/\/alboradatixtla.com\/index.php?rest_route=%2Fwp%2Fv2%2Ftags&post=3382"}],"curies":[{"name":"wp","href":"https:\/\/api.w.org\/{rel}","templated":true}]}}