{"id":3366,"date":"2026-08-05T18:18:16","date_gmt":"2026-08-06T00:18:16","guid":{"rendered":"https:\/\/alboradatixtla.com\/?p=3366"},"modified":"2026-08-05T18:18:16","modified_gmt":"2026-08-06T00:18:16","slug":"panfilo-sanchez-defiende-mochila-segura-y-responde-a-criticas-del-pt","status":"publish","type":"post","link":"https:\/\/alboradatixtla.com\/?p=3366","title":{"rendered":"P\u00e1nfilo S\u00e1nchez defiende \u201cMochila Segura\u201d y responde a cr\u00edticas del PT"},"content":{"rendered":"<div class=\"pvc_clear\"><\/div><p id=\"pvc_stats_3366\" class=\"pvc_stats all  \" data-element-id=\"3366\" style=\"\"><i class=\"pvc-stats-icon medium\" aria-hidden=\"true\"><svg xmlns=\"http:\/\/www.w3.org\/2000\/svg\" version=\"1.0\" viewBox=\"0 0 502 315\" preserveAspectRatio=\"xMidYMid meet\"><g transform=\"translate(0,332) scale(0.1,-0.1)\" fill=\"\" stroke=\"none\"><path d=\"M2394 3279 l-29 -30 -3 -207 c-2 -182 0 -211 15 -242 39 -76 157 -76 196 0 15 31 17 60 15 243 l-3 209 -33 29 c-26 23 -41 29 -80 29 -41 0 -53 -5 -78 -31z\"\/><path d=\"M3085 3251 c-45 -19 -58 -50 -96 -229 -47 -217 -49 -260 -13 -295 52 -53 146 -42 177 20 16 31 87 366 87 410 0 70 -86 122 -155 94z\"\/><path d=\"M1751 3234 c-13 -9 -29 -31 -37 -50 -12 -29 -10 -49 21 -204 19 -94 39 -189 45 -210 14 -50 54 -80 110 -80 34 0 48 6 76 34 21 21 34 44 34 59 0 14 -18 113 -40 219 -37 178 -43 195 -70 221 -36 32 -101 37 -139 11z\"\/><path d=\"M1163 3073 c-36 -7 -73 -59 -73 -102 0 -56 133 -378 171 -413 34 -32 83 -37 129 -13 70 36 67 87 -16 290 -86 209 -89 214 -129 231 -35 14 -42 15 -82 7z\"\/><path d=\"M3689 3066 c-15 -9 -33 -30 -42 -48 -48 -103 -147 -355 -147 -375 0 -98 131 -148 192 -74 13 15 57 108 97 206 80 196 84 226 37 273 -30 30 -99 39 -137 18z\"\/><path d=\"M583 2784 c-38 -19 -67 -74 -58 -113 9 -42 211 -354 242 -373 16 -10 45 -18 66 -18 51 0 107 52 107 100 0 39 -1 41 -124 234 -80 126 -108 162 -133 173 -41 17 -61 16 -100 -3z\"\/><path d=\"M4250 2784 c-14 -9 -74 -91 -133 -183 -95 -150 -107 -173 -107 -213 0 -55 33 -94 87 -104 67 -13 90 8 211 198 130 202 137 225 78 284 -27 27 -42 34 -72 34 -22 0 -50 -8 -64 -16z\"\/><path d=\"M2275 2693 c-553 -48 -1095 -270 -1585 -649 -135 -104 -459 -423 -483 -476 -23 -49 -22 -139 2 -186 73 -142 361 -457 571 -626 285 -228 642 -407 990 -497 242 -63 336 -73 660 -74 310 0 370 5 595 52 535 111 1045 392 1455 803 122 121 250 273 275 326 19 41 19 137 0 174 -41 79 -309 363 -465 492 -447 370 -946 591 -1479 653 -113 14 -422 18 -536 8z m395 -428 c171 -34 330 -124 456 -258 112 -119 167 -219 211 -378 27 -96 24 -300 -5 -401 -72 -255 -236 -447 -474 -557 -132 -62 -201 -76 -368 -76 -167 0 -236 14 -368 76 -213 98 -373 271 -451 485 -162 444 86 934 547 1084 153 49 292 57 452 25z m909 -232 c222 -123 408 -262 593 -441 76 -74 138 -139 138 -144 0 -16 -233 -242 -330 -319 -155 -123 -309 -223 -461 -299 l-81 -41 32 46 c18 26 49 83 70 128 143 306 141 649 -6 957 -25 52 -61 116 -79 142 l-34 47 45 -20 c26 -10 76 -36 113 -56z m-2057 25 c-40 -58 -105 -190 -130 -263 -110 -324 -59 -707 132 -981 25 -35 42 -64 37 -64 -19 0 -241 119 -326 174 -188 122 -406 314 -532 468 l-58 71 108 103 c185 178 428 349 672 473 66 33 121 60 123 61 2 0 -10 -19 -26 -42z\"\/><path d=\"M2375 1950 c-198 -44 -350 -190 -395 -379 -18 -76 -8 -221 19 -290 114 -284 457 -406 731 -260 98 52 188 154 231 260 27 69 37 214 19 290 -38 163 -166 304 -326 360 -67 23 -215 33 -279 19z\"\/><\/g><\/svg><\/i> <img loading=\"lazy\" decoding=\"async\" width=\"16\" height=\"16\" alt=\"Loading\" src=\"https:\/\/alboradatixtla.com\/wp-content\/plugins\/page-views-count\/ajax-loader-2x.gif\" border=0 \/><\/p><div class=\"pvc_clear\"><\/div>\n<p>*El presidente de la Comisi\u00f3n de Educaci\u00f3n del Congreso de Guerrero asegur\u00f3 que la medida deber\u00e1 aplicarse en el pr\u00f3ximo ciclo escolar para proteger a ni\u00f1as, ni\u00f1os y adolescentes.<\/p>\n\n\n\n<p>*Ante cuestionamientos del dirigente del PT, sostuvo que su trabajo debe ser evaluado por los pueblos ind\u00edgenas que representa:<\/p>\n\n\n\n<p>Texto: Fernando Foster<\/p>\n\n\n\n<p>Chilpancingo de los Bravo, Gro., 05 agosto de 2026.\u2014 El diputado local de Morena y presidente de la Comisi\u00f3n de Educaci\u00f3n, P\u00e1nfilo S\u00e1nchez Almaz\u00e1n, defendi\u00f3 la aplicaci\u00f3n del programa \u201cMochila Segura\u201d en las escuelas de nivel b\u00e1sico de Guerrero y asegur\u00f3 que su implementaci\u00f3n responde al inter\u00e9s superior de ni\u00f1as, ni\u00f1os y adolescentes.<\/p>\n\n\n\n<p>En entrevista, el legislador inform\u00f3 que el Congreso del Estado ya aprob\u00f3 un exhorto para que esta medida sea aplicada durante el pr\u00f3ximo ciclo escolar, al considerar que debe contribuir a garantizar condiciones de seguridad dentro de los planteles educativos.<\/p>\n\n\n\n<p>S\u00e1nchez Almaz\u00e1n sostuvo que, la aplicaci\u00f3n de \u201cMochila Segura\u201d debe realizarse con apego a los derechos de la ni\u00f1ez y a los ordenamientos constitucionales y convenios internacionales que protegen a ni\u00f1as, ni\u00f1os y adolescentes.<\/p>\n\n\n\n<p>El diputado se\u00f1al\u00f3 que la medida no debe entenderse \u00fanicamente como una revisi\u00f3n, sino como parte de una estrategia integral para proteger a la comunidad estudiantil.<\/p>\n\n\n\n<p>Adem\u00e1s, destac\u00f3 que desde el Congreso tambi\u00e9n se ha impulsado la regulaci\u00f3n del uso de tel\u00e9fonos celulares dentro de las escuelas, as\u00ed como acciones para disminuir el consumo de comida chatarra entre estudiantes.<\/p>\n\n\n\n<p>Aclar\u00f3 que la regulaci\u00f3n de dispositivos m\u00f3viles no representa una prohibici\u00f3n absoluta, ya que contempla su utilizaci\u00f3n para actividades pedag\u00f3gicas o en situaciones de emergencia.<\/p>\n\n\n\n<p>Durante la entrevista, S\u00e1nchez Almaz\u00e1n tambi\u00e9n fue cuestionado sobre las recientes declaraciones del dirigente del Partido del Trabajo (PT), quien habr\u00eda se\u00f1alado que fue un error haberlo postulado como candidato y que posteriormente se incorporara a Morena.<\/p>\n\n\n\n<p>El legislador evit\u00f3 entrar en una confrontaci\u00f3n directa y sostuvo que su desempe\u00f1o debe ser evaluado por las comunidades ind\u00edgenas a las que representa.<\/p>\n\n\n\n<p>\u201cQuien me puede cuestionar, quien me puede evaluar, son mis pueblos ind\u00edgenas\u201d, afirm\u00f3.<\/p>\n\n\n\n<p>S\u00e1nchez Almaz\u00e1n mencion\u00f3 que lleg\u00f3 al Congreso como candidato de la coalici\u00f3n \u201cJuntos Sigamos Haciendo Historia\u201d, integrada por Morena, PT y Partido Verde Ecologista de M\u00e9xico, y rechaz\u00f3 que su candidatura haya correspondido exclusivamente al PT.<\/p>\n\n\n\n<p>Asegur\u00f3 que Morena aport\u00f3 una cantidad importante de votos para conseguir su triunfo y sostuvo que mantiene una relaci\u00f3n de respeto con el dirigente petista, pese a las diferencias pol\u00edticas.<\/p>\n\n\n\n<p>\u201cYo soy muy respetuoso y al \u00faltimo, quien nos juzga es nuestro pueblo\u201d, se\u00f1al\u00f3.<\/p>\n\n\n\n<p>El diputado afirm\u00f3 que lleva m\u00e1s de dos d\u00e9cadas trabajando en favor de las comunidades ind\u00edgenas y reiter\u00f3 que su principal compromiso est\u00e1 con los ciudadanos que representa.<\/p>\n\n\n\n<p>Mientras tanto, sostuvo que desde la Comisi\u00f3n de Educaci\u00f3n continuar\u00e1 impulsando medidas relacionadas con la seguridad y bienestar de los estudiantes, entre ellas la aplicaci\u00f3n de \u201cMochila Segura\u201d, la regulaci\u00f3n del uso de celulares y la promoci\u00f3n de h\u00e1bitos alimenticios saludables en los planteles.<\/p>\n","protected":false},"excerpt":{"rendered":"<div class=\"pvc_clear\"><\/div>\n<p id=\"pvc_stats_3366\" class=\"pvc_stats all  \" data-element-id=\"3366\" style=\"\"><i class=\"pvc-stats-icon medium\" aria-hidden=\"true\"><svg xmlns=\"http:\/\/www.w3.org\/2000\/svg\" version=\"1.0\" viewBox=\"0 0 502 315\" preserveAspectRatio=\"xMidYMid meet\"><g transform=\"translate(0,332) scale(0.1,-0.1)\" fill=\"\" stroke=\"none\"><path d=\"M2394 3279 l-29 -30 -3 -207 c-2 -182 0 -211 15 -242 39 -76 157 -76 196 0 15 31 17 60 15 243 l-3 209 -33 29 c-26 23 -41 29 -80 29 -41 0 -53 -5 -78 -31z\"\/><path d=\"M3085 3251 c-45 -19 -58 -50 -96 -229 -47 -217 -49 -260 -13 -295 52 -53 146 -42 177 20 16 31 87 366 87 410 0 70 -86 122 -155 94z\"\/><path d=\"M1751 3234 c-13 -9 -29 -31 -37 -50 -12 -29 -10 -49 21 -204 19 -94 39 -189 45 -210 14 -50 54 -80 110 -80 34 0 48 6 76 34 21 21 34 44 34 59 0 14 -18 113 -40 219 -37 178 -43 195 -70 221 -36 32 -101 37 -139 11z\"\/><path d=\"M1163 3073 c-36 -7 -73 -59 -73 -102 0 -56 133 -378 171 -413 34 -32 83 -37 129 -13 70 36 67 87 -16 290 -86 209 -89 214 -129 231 -35 14 -42 15 -82 7z\"\/><path d=\"M3689 3066 c-15 -9 -33 -30 -42 -48 -48 -103 -147 -355 -147 -375 0 -98 131 -148 192 -74 13 15 57 108 97 206 80 196 84 226 37 273 -30 30 -99 39 -137 18z\"\/><path d=\"M583 2784 c-38 -19 -67 -74 -58 -113 9 -42 211 -354 242 -373 16 -10 45 -18 66 -18 51 0 107 52 107 100 0 39 -1 41 -124 234 -80 126 -108 162 -133 173 -41 17 -61 16 -100 -3z\"\/><path d=\"M4250 2784 c-14 -9 -74 -91 -133 -183 -95 -150 -107 -173 -107 -213 0 -55 33 -94 87 -104 67 -13 90 8 211 198 130 202 137 225 78 284 -27 27 -42 34 -72 34 -22 0 -50 -8 -64 -16z\"\/><path d=\"M2275 2693 c-553 -48 -1095 -270 -1585 -649 -135 -104 -459 -423 -483 -476 -23 -49 -22 -139 2 -186 73 -142 361 -457 571 -626 285 -228 642 -407 990 -497 242 -63 336 -73 660 -74 310 0 370 5 595 52 535 111 1045 392 1455 803 122 121 250 273 275 326 19 41 19 137 0 174 -41 79 -309 363 -465 492 -447 370 -946 591 -1479 653 -113 14 -422 18 -536 8z m395 -428 c171 -34 330 -124 456 -258 112 -119 167 -219 211 -378 27 -96 24 -300 -5 -401 -72 -255 -236 -447 -474 -557 -132 -62 -201 -76 -368 -76 -167 0 -236 14 -368 76 -213 98 -373 271 -451 485 -162 444 86 934 547 1084 153 49 292 57 452 25z m909 -232 c222 -123 408 -262 593 -441 76 -74 138 -139 138 -144 0 -16 -233 -242 -330 -319 -155 -123 -309 -223 -461 -299 l-81 -41 32 46 c18 26 49 83 70 128 143 306 141 649 -6 957 -25 52 -61 116 -79 142 l-34 47 45 -20 c26 -10 76 -36 113 -56z m-2057 25 c-40 -58 -105 -190 -130 -263 -110 -324 -59 -707 132 -981 25 -35 42 -64 37 -64 -19 0 -241 119 -326 174 -188 122 -406 314 -532 468 l-58 71 108 103 c185 178 428 349 672 473 66 33 121 60 123 61 2 0 -10 -19 -26 -42z\"\/><path d=\"M2375 1950 c-198 -44 -350 -190 -395 -379 -18 -76 -8 -221 19 -290 114 -284 457 -406 731 -260 98 52 188 154 231 260 27 69 37 214 19 290 -38 163 -166 304 -326 360 -67 23 -215 33 -279 19z\"\/><\/g><\/svg><\/i> <img loading=\"lazy\" decoding=\"async\" width=\"16\" height=\"16\" alt=\"Loading\" src=\"https:\/\/alboradatixtla.com\/wp-content\/plugins\/page-views-count\/ajax-loader-2x.gif\" border=0 \/><\/p>\n<div class=\"pvc_clear\"><\/div>\n<p>*El presidente de la Comisi\u00f3n de Educaci\u00f3n del Congreso de Guerrero asegur\u00f3 que la medida deber\u00e1 aplicarse en el pr\u00f3ximo<\/p>\n","protected":false},"author":3,"featured_media":3367,"comment_status":"open","ping_status":"open","sticky":false,"template":"","format":"standard","meta":{"colormag_page_container_layout":"default_layout","colormag_page_sidebar_layout":"default_layout","_monsterinsights_skip_tracking":false,"episode_type":"","audio_file":"","podmotor_file_id":"","podmotor_episode_id":"","cover_image":"","cover_image_id":"","duration":"","filesize":"","filesize_raw":"","date_recorded":"","explicit":"","block":"","footnotes":"","jetpack_publicize_message":"","jetpack_publicize_feature_enabled":true,"jetpack_social_post_already_shared":true,"jetpack_social_options":{"image_generator_settings":{"template":"highway","default_image_id":0,"font":"","enabled":false},"version":2}},"categories":[20,22,9],"tags":[],"class_list":["post-3366","post","type-post","status-publish","format-standard","has-post-thumbnail","hentry","category-congreso","category-educacion","category-guerrero"],"a3_pvc":{"activated":true,"total_views":7,"today_views":0},"jetpack_publicize_connections":[],"_links":{"self":[{"href":"https:\/\/alboradatixtla.com\/index.php?rest_route=\/wp\/v2\/posts\/3366","targetHints":{"allow":["GET"]}}],"collection":[{"href":"https:\/\/alboradatixtla.com\/index.php?rest_route=\/wp\/v2\/posts"}],"about":[{"href":"https:\/\/alboradatixtla.com\/index.php?rest_route=\/wp\/v2\/types\/post"}],"author":[{"embeddable":true,"href":"https:\/\/alboradatixtla.com\/index.php?rest_route=\/wp\/v2\/users\/3"}],"replies":[{"embeddable":true,"href":"https:\/\/alboradatixtla.com\/index.php?rest_route=%2Fwp%2Fv2%2Fcomments&post=3366"}],"version-history":[{"count":1,"href":"https:\/\/alboradatixtla.com\/index.php?rest_route=\/wp\/v2\/posts\/3366\/revisions"}],"predecessor-version":[{"id":3368,"href":"https:\/\/alboradatixtla.com\/index.php?rest_route=\/wp\/v2\/posts\/3366\/revisions\/3368"}],"wp:featuredmedia":[{"embeddable":true,"href":"https:\/\/alboradatixtla.com\/index.php?rest_route=\/wp\/v2\/media\/3367"}],"wp:attachment":[{"href":"https:\/\/alboradatixtla.com\/index.php?rest_route=%2Fwp%2Fv2%2Fmedia&parent=3366"}],"wp:term":[{"taxonomy":"category","embeddable":true,"href":"https:\/\/alboradatixtla.com\/index.php?rest_route=%2Fwp%2Fv2%2Fcategories&post=3366"},{"taxonomy":"post_tag","embeddable":true,"href":"https:\/\/alboradatixtla.com\/index.php?rest_route=%2Fwp%2Fv2%2Ftags&post=3366"}],"curies":[{"name":"wp","href":"https:\/\/api.w.org\/{rel}","templated":true}]}}