{"id":3363,"date":"2026-08-05T18:10:53","date_gmt":"2026-08-06T00:10:53","guid":{"rendered":"https:\/\/alboradatixtla.com\/?p=3363"},"modified":"2026-08-05T18:10:53","modified_gmt":"2026-08-06T00:10:53","slug":"rechazan-intervencion-de-diputado-en-congreso-por-disputa-sobre-natalicio-de-vicente-guerrero","status":"publish","type":"post","link":"https:\/\/alboradatixtla.com\/?p=3363","title":{"rendered":"Rechazan intervenci\u00f3n de diputado en Congreso por disputa sobre natalicio de Vicente Guerrero"},"content":{"rendered":"<div class=\"pvc_clear\"><\/div><p id=\"pvc_stats_3363\" class=\"pvc_stats all  \" data-element-id=\"3363\" style=\"\"><i class=\"pvc-stats-icon medium\" aria-hidden=\"true\"><svg xmlns=\"http:\/\/www.w3.org\/2000\/svg\" version=\"1.0\" viewBox=\"0 0 502 315\" preserveAspectRatio=\"xMidYMid meet\"><g transform=\"translate(0,332) scale(0.1,-0.1)\" fill=\"\" stroke=\"none\"><path d=\"M2394 3279 l-29 -30 -3 -207 c-2 -182 0 -211 15 -242 39 -76 157 -76 196 0 15 31 17 60 15 243 l-3 209 -33 29 c-26 23 -41 29 -80 29 -41 0 -53 -5 -78 -31z\"\/><path d=\"M3085 3251 c-45 -19 -58 -50 -96 -229 -47 -217 -49 -260 -13 -295 52 -53 146 -42 177 20 16 31 87 366 87 410 0 70 -86 122 -155 94z\"\/><path d=\"M1751 3234 c-13 -9 -29 -31 -37 -50 -12 -29 -10 -49 21 -204 19 -94 39 -189 45 -210 14 -50 54 -80 110 -80 34 0 48 6 76 34 21 21 34 44 34 59 0 14 -18 113 -40 219 -37 178 -43 195 -70 221 -36 32 -101 37 -139 11z\"\/><path d=\"M1163 3073 c-36 -7 -73 -59 -73 -102 0 -56 133 -378 171 -413 34 -32 83 -37 129 -13 70 36 67 87 -16 290 -86 209 -89 214 -129 231 -35 14 -42 15 -82 7z\"\/><path d=\"M3689 3066 c-15 -9 -33 -30 -42 -48 -48 -103 -147 -355 -147 -375 0 -98 131 -148 192 -74 13 15 57 108 97 206 80 196 84 226 37 273 -30 30 -99 39 -137 18z\"\/><path d=\"M583 2784 c-38 -19 -67 -74 -58 -113 9 -42 211 -354 242 -373 16 -10 45 -18 66 -18 51 0 107 52 107 100 0 39 -1 41 -124 234 -80 126 -108 162 -133 173 -41 17 -61 16 -100 -3z\"\/><path d=\"M4250 2784 c-14 -9 -74 -91 -133 -183 -95 -150 -107 -173 -107 -213 0 -55 33 -94 87 -104 67 -13 90 8 211 198 130 202 137 225 78 284 -27 27 -42 34 -72 34 -22 0 -50 -8 -64 -16z\"\/><path d=\"M2275 2693 c-553 -48 -1095 -270 -1585 -649 -135 -104 -459 -423 -483 -476 -23 -49 -22 -139 2 -186 73 -142 361 -457 571 -626 285 -228 642 -407 990 -497 242 -63 336 -73 660 -74 310 0 370 5 595 52 535 111 1045 392 1455 803 122 121 250 273 275 326 19 41 19 137 0 174 -41 79 -309 363 -465 492 -447 370 -946 591 -1479 653 -113 14 -422 18 -536 8z m395 -428 c171 -34 330 -124 456 -258 112 -119 167 -219 211 -378 27 -96 24 -300 -5 -401 -72 -255 -236 -447 -474 -557 -132 -62 -201 -76 -368 -76 -167 0 -236 14 -368 76 -213 98 -373 271 -451 485 -162 444 86 934 547 1084 153 49 292 57 452 25z m909 -232 c222 -123 408 -262 593 -441 76 -74 138 -139 138 -144 0 -16 -233 -242 -330 -319 -155 -123 -309 -223 -461 -299 l-81 -41 32 46 c18 26 49 83 70 128 143 306 141 649 -6 957 -25 52 -61 116 -79 142 l-34 47 45 -20 c26 -10 76 -36 113 -56z m-2057 25 c-40 -58 -105 -190 -130 -263 -110 -324 -59 -707 132 -981 25 -35 42 -64 37 -64 -19 0 -241 119 -326 174 -188 122 -406 314 -532 468 l-58 71 108 103 c185 178 428 349 672 473 66 33 121 60 123 61 2 0 -10 -19 -26 -42z\"\/><path d=\"M2375 1950 c-198 -44 -350 -190 -395 -379 -18 -76 -8 -221 19 -290 114 -284 457 -406 731 -260 98 52 188 154 231 260 27 69 37 214 19 290 -38 163 -166 304 -326 360 -67 23 -215 33 -279 19z\"\/><\/g><\/svg><\/i> <img loading=\"lazy\" decoding=\"async\" width=\"16\" height=\"16\" alt=\"Loading\" src=\"https:\/\/alboradatixtla.com\/wp-content\/plugins\/page-views-count\/ajax-loader-2x.gif\" border=0 \/><\/p><div class=\"pvc_clear\"><\/div>\n<p>El diputado del PRD Jorge Iv\u00e1n Jim\u00e9nez Ortega denunci\u00f3 que la Comisi\u00f3n Permanente del Congreso de Guerrero le neg\u00f3 intervenir ante el pleno, con cinco votos en contra y tres a favor.<\/p>\n\n\n\n<p>El legislador buscaba pronunciarse sobre el cambio del homenaje c\u00edvico-militar de Vicente Guerrero en Tixtla del 9 al 10 de agosto y pidi\u00f3 respetar la tradici\u00f3n hist\u00f3rica del municipio.<\/p>\n\n\n\n<p>Texto: Fernando Foster<\/p>\n\n\n\n<p>Chilpancingo de los Bravo, Gro., 05 de agosto de 2026.\u2014 El diputado local del PRD y presidente de la Comisi\u00f3n de Juventud del Congreso de Guerrero, Jorge Iv\u00e1n Jim\u00e9nez Ortega, acus\u00f3 que la Comisi\u00f3n Permanente le impidi\u00f3 intervenir ante el pleno para fijar postura sobre la fecha del natalicio del general Vicente Guerrero y el tradicional homenaje c\u00edvico-militar que se realiza en Tixtla.<\/p>\n\n\n\n<p>El legislador se\u00f1al\u00f3 que solicit\u00f3 hacer uso de la tribuna con fundamento en la Ley Org\u00e1nica del Poder Legislativo, pero su petici\u00f3n fue rechazada por cinco votos en contra y tres a favor, por lo que posteriormente ofreci\u00f3 una conferencia de prensa para exponer su posicionamiento.<\/p>\n\n\n\n<p>Jim\u00e9nez Ortega, quien representa al Distrito XXIV con cabecera en Tixtla, sostuvo que el cambio de la celebraci\u00f3n del 9 al 10 de agosto gener\u00f3 inconformidad entre habitantes del municipio, debido a que durante d\u00e9cadas el homenaje y desfile c\u00edvico-militar por el natalicio de Vicente Guerrero se han realizado el 9 de agosto.<\/p>\n\n\n\n<p>El diputado reconoci\u00f3 que existe una diferencia entre los registros hist\u00f3ricos utilizados actualmente por las autoridades federales y la tradici\u00f3n que mantiene Tixtla. Mientras los registros oficiales toman como referencia el 10 de agosto, la tradici\u00f3n local sostiene que Guerrero naci\u00f3 el 9 y que posteriormente fue bautizado al d\u00eda siguiente, una pr\u00e1ctica com\u00fan en aquella \u00e9poca.<\/p>\n\n\n\n<p>Ante esta discrepancia, consider\u00f3 que no debe existir una imposici\u00f3n institucional y llam\u00f3 a construir un acuerdo entre autoridades y comunidad.<\/p>\n\n\n\n<p>\u201cNo estamos frente a un conflicto pol\u00edtico. Estamos frente a una oportunidad para construir acuerdos\u201d, plante\u00f3 el legislador, al advertir que la discusi\u00f3n sobre la fecha no debe convertirse en un motivo de divisi\u00f3n.<\/p>\n\n\n\n<p>Como parte de su propuesta, pidi\u00f3 que este a\u00f1o el homenaje y desfile c\u00edvico-militar se realicen el 9 de agosto, en respeto a la tradici\u00f3n hist\u00f3rica de Tixtla.<\/p>\n\n\n\n<p>Adem\u00e1s, propuso convocar a una investigaci\u00f3n hist\u00f3rica, plural y cient\u00edfica en la que participen historiadores, cronistas, el INAH, instituciones acad\u00e9micas, la Secretar\u00eda de Cultura y el Congreso del Estado.<\/p>\n\n\n\n<p>Una vez concluida esa investigaci\u00f3n, plante\u00f3 homologar los calendarios c\u00edvicos federal, estatal y municipal, con el prop\u00f3sito de evitar que la controversia vuelva a presentarse en a\u00f1os posteriores.<\/p>\n\n\n\n<p>El diputado tambi\u00e9n pidi\u00f3 que los resultados sean difundidos ampliamente entre la poblaci\u00f3n para que la discusi\u00f3n sobre el natalicio de Vicente Guerrero contribuya a fortalecer la identidad guerrerense y no a fracturarla.<\/p>\n\n\n\n<p>Jim\u00e9nez Ortega sostuvo que, independientemente de la fecha que finalmente determine la investigaci\u00f3n hist\u00f3rica, debe tomarse en cuenta la memoria colectiva de Tixtla, al tratarse de la tierra natal del consumador de la Independencia y uno de los personajes centrales de la historia de M\u00e9xico.<\/p>\n\n\n\n<p>\u201cLa historia no se decreta; se construye con documentos, pero tambi\u00e9n con la memoria de los pueblos\u201d, expres\u00f3.<\/p>\n\n\n\n<p>El legislador insisti\u00f3 en que su intervenci\u00f3n respondi\u00f3 a solicitudes de habitantes de Tixtla y no a un conflicto partidista, por lo que llam\u00f3 a las autoridades a privilegiar el di\u00e1logo y el consenso antes que cualquier decisi\u00f3n unilateral.<\/p>\n","protected":false},"excerpt":{"rendered":"<div class=\"pvc_clear\"><\/div>\n<p id=\"pvc_stats_3363\" class=\"pvc_stats all  \" data-element-id=\"3363\" style=\"\"><i class=\"pvc-stats-icon medium\" aria-hidden=\"true\"><svg xmlns=\"http:\/\/www.w3.org\/2000\/svg\" version=\"1.0\" viewBox=\"0 0 502 315\" preserveAspectRatio=\"xMidYMid meet\"><g transform=\"translate(0,332) scale(0.1,-0.1)\" fill=\"\" stroke=\"none\"><path d=\"M2394 3279 l-29 -30 -3 -207 c-2 -182 0 -211 15 -242 39 -76 157 -76 196 0 15 31 17 60 15 243 l-3 209 -33 29 c-26 23 -41 29 -80 29 -41 0 -53 -5 -78 -31z\"\/><path d=\"M3085 3251 c-45 -19 -58 -50 -96 -229 -47 -217 -49 -260 -13 -295 52 -53 146 -42 177 20 16 31 87 366 87 410 0 70 -86 122 -155 94z\"\/><path d=\"M1751 3234 c-13 -9 -29 -31 -37 -50 -12 -29 -10 -49 21 -204 19 -94 39 -189 45 -210 14 -50 54 -80 110 -80 34 0 48 6 76 34 21 21 34 44 34 59 0 14 -18 113 -40 219 -37 178 -43 195 -70 221 -36 32 -101 37 -139 11z\"\/><path d=\"M1163 3073 c-36 -7 -73 -59 -73 -102 0 -56 133 -378 171 -413 34 -32 83 -37 129 -13 70 36 67 87 -16 290 -86 209 -89 214 -129 231 -35 14 -42 15 -82 7z\"\/><path d=\"M3689 3066 c-15 -9 -33 -30 -42 -48 -48 -103 -147 -355 -147 -375 0 -98 131 -148 192 -74 13 15 57 108 97 206 80 196 84 226 37 273 -30 30 -99 39 -137 18z\"\/><path d=\"M583 2784 c-38 -19 -67 -74 -58 -113 9 -42 211 -354 242 -373 16 -10 45 -18 66 -18 51 0 107 52 107 100 0 39 -1 41 -124 234 -80 126 -108 162 -133 173 -41 17 -61 16 -100 -3z\"\/><path d=\"M4250 2784 c-14 -9 -74 -91 -133 -183 -95 -150 -107 -173 -107 -213 0 -55 33 -94 87 -104 67 -13 90 8 211 198 130 202 137 225 78 284 -27 27 -42 34 -72 34 -22 0 -50 -8 -64 -16z\"\/><path d=\"M2275 2693 c-553 -48 -1095 -270 -1585 -649 -135 -104 -459 -423 -483 -476 -23 -49 -22 -139 2 -186 73 -142 361 -457 571 -626 285 -228 642 -407 990 -497 242 -63 336 -73 660 -74 310 0 370 5 595 52 535 111 1045 392 1455 803 122 121 250 273 275 326 19 41 19 137 0 174 -41 79 -309 363 -465 492 -447 370 -946 591 -1479 653 -113 14 -422 18 -536 8z m395 -428 c171 -34 330 -124 456 -258 112 -119 167 -219 211 -378 27 -96 24 -300 -5 -401 -72 -255 -236 -447 -474 -557 -132 -62 -201 -76 -368 -76 -167 0 -236 14 -368 76 -213 98 -373 271 -451 485 -162 444 86 934 547 1084 153 49 292 57 452 25z m909 -232 c222 -123 408 -262 593 -441 76 -74 138 -139 138 -144 0 -16 -233 -242 -330 -319 -155 -123 -309 -223 -461 -299 l-81 -41 32 46 c18 26 49 83 70 128 143 306 141 649 -6 957 -25 52 -61 116 -79 142 l-34 47 45 -20 c26 -10 76 -36 113 -56z m-2057 25 c-40 -58 -105 -190 -130 -263 -110 -324 -59 -707 132 -981 25 -35 42 -64 37 -64 -19 0 -241 119 -326 174 -188 122 -406 314 -532 468 l-58 71 108 103 c185 178 428 349 672 473 66 33 121 60 123 61 2 0 -10 -19 -26 -42z\"\/><path d=\"M2375 1950 c-198 -44 -350 -190 -395 -379 -18 -76 -8 -221 19 -290 114 -284 457 -406 731 -260 98 52 188 154 231 260 27 69 37 214 19 290 -38 163 -166 304 -326 360 -67 23 -215 33 -279 19z\"\/><\/g><\/svg><\/i> <img loading=\"lazy\" decoding=\"async\" width=\"16\" height=\"16\" alt=\"Loading\" src=\"https:\/\/alboradatixtla.com\/wp-content\/plugins\/page-views-count\/ajax-loader-2x.gif\" border=0 \/><\/p>\n<div class=\"pvc_clear\"><\/div>\n<p>El diputado del PRD Jorge Iv\u00e1n Jim\u00e9nez Ortega denunci\u00f3 que la Comisi\u00f3n Permanente del Congreso de Guerrero le neg\u00f3 intervenir<\/p>\n","protected":false},"author":3,"featured_media":3364,"comment_status":"open","ping_status":"open","sticky":false,"template":"","format":"standard","meta":{"colormag_page_container_layout":"default_layout","colormag_page_sidebar_layout":"default_layout","_monsterinsights_skip_tracking":false,"episode_type":"","audio_file":"","podmotor_file_id":"","podmotor_episode_id":"","cover_image":"","cover_image_id":"","duration":"","filesize":"","filesize_raw":"","date_recorded":"","explicit":"","block":"","footnotes":"","jetpack_publicize_message":"","jetpack_publicize_feature_enabled":true,"jetpack_social_post_already_shared":true,"jetpack_social_options":{"image_generator_settings":{"template":"highway","default_image_id":0,"font":"","enabled":false},"version":2}},"categories":[20,22,39,9,24],"tags":[],"class_list":["post-3363","post","type-post","status-publish","format-standard","has-post-thumbnail","hentry","category-congreso","category-educacion","category-efemerides","category-guerrero","category-municipios"],"a3_pvc":{"activated":true,"total_views":33,"today_views":0},"jetpack_publicize_connections":[],"_links":{"self":[{"href":"https:\/\/alboradatixtla.com\/index.php?rest_route=\/wp\/v2\/posts\/3363","targetHints":{"allow":["GET"]}}],"collection":[{"href":"https:\/\/alboradatixtla.com\/index.php?rest_route=\/wp\/v2\/posts"}],"about":[{"href":"https:\/\/alboradatixtla.com\/index.php?rest_route=\/wp\/v2\/types\/post"}],"author":[{"embeddable":true,"href":"https:\/\/alboradatixtla.com\/index.php?rest_route=\/wp\/v2\/users\/3"}],"replies":[{"embeddable":true,"href":"https:\/\/alboradatixtla.com\/index.php?rest_route=%2Fwp%2Fv2%2Fcomments&post=3363"}],"version-history":[{"count":1,"href":"https:\/\/alboradatixtla.com\/index.php?rest_route=\/wp\/v2\/posts\/3363\/revisions"}],"predecessor-version":[{"id":3365,"href":"https:\/\/alboradatixtla.com\/index.php?rest_route=\/wp\/v2\/posts\/3363\/revisions\/3365"}],"wp:featuredmedia":[{"embeddable":true,"href":"https:\/\/alboradatixtla.com\/index.php?rest_route=\/wp\/v2\/media\/3364"}],"wp:attachment":[{"href":"https:\/\/alboradatixtla.com\/index.php?rest_route=%2Fwp%2Fv2%2Fmedia&parent=3363"}],"wp:term":[{"taxonomy":"category","embeddable":true,"href":"https:\/\/alboradatixtla.com\/index.php?rest_route=%2Fwp%2Fv2%2Fcategories&post=3363"},{"taxonomy":"post_tag","embeddable":true,"href":"https:\/\/alboradatixtla.com\/index.php?rest_route=%2Fwp%2Fv2%2Ftags&post=3363"}],"curies":[{"name":"wp","href":"https:\/\/api.w.org\/{rel}","templated":true}]}}