{"id":3357,"date":"2026-08-05T17:57:35","date_gmt":"2026-08-05T23:57:35","guid":{"rendered":"https:\/\/alboradatixtla.com\/?p=3357"},"modified":"2026-08-05T17:57:35","modified_gmt":"2026-08-05T23:57:35","slug":"joaquin-badillo-respalda-llegada-de-delegado-de-morena-y-llama-a-fortalecer-la-unidad-rumbo-a-2027","status":"publish","type":"post","link":"https:\/\/alboradatixtla.com\/?p=3357","title":{"rendered":"Joaqu\u00edn Badillo respalda llegada de delegado de Morena y llama a fortalecer la unidad rumbo a 2027"},"content":{"rendered":"<div class=\"pvc_clear\"><\/div><p id=\"pvc_stats_3357\" class=\"pvc_stats all  \" data-element-id=\"3357\" style=\"\"><i class=\"pvc-stats-icon medium\" aria-hidden=\"true\"><svg xmlns=\"http:\/\/www.w3.org\/2000\/svg\" version=\"1.0\" viewBox=\"0 0 502 315\" preserveAspectRatio=\"xMidYMid meet\"><g transform=\"translate(0,332) scale(0.1,-0.1)\" fill=\"\" stroke=\"none\"><path d=\"M2394 3279 l-29 -30 -3 -207 c-2 -182 0 -211 15 -242 39 -76 157 -76 196 0 15 31 17 60 15 243 l-3 209 -33 29 c-26 23 -41 29 -80 29 -41 0 -53 -5 -78 -31z\"\/><path d=\"M3085 3251 c-45 -19 -58 -50 -96 -229 -47 -217 -49 -260 -13 -295 52 -53 146 -42 177 20 16 31 87 366 87 410 0 70 -86 122 -155 94z\"\/><path d=\"M1751 3234 c-13 -9 -29 -31 -37 -50 -12 -29 -10 -49 21 -204 19 -94 39 -189 45 -210 14 -50 54 -80 110 -80 34 0 48 6 76 34 21 21 34 44 34 59 0 14 -18 113 -40 219 -37 178 -43 195 -70 221 -36 32 -101 37 -139 11z\"\/><path d=\"M1163 3073 c-36 -7 -73 -59 -73 -102 0 -56 133 -378 171 -413 34 -32 83 -37 129 -13 70 36 67 87 -16 290 -86 209 -89 214 -129 231 -35 14 -42 15 -82 7z\"\/><path d=\"M3689 3066 c-15 -9 -33 -30 -42 -48 -48 -103 -147 -355 -147 -375 0 -98 131 -148 192 -74 13 15 57 108 97 206 80 196 84 226 37 273 -30 30 -99 39 -137 18z\"\/><path d=\"M583 2784 c-38 -19 -67 -74 -58 -113 9 -42 211 -354 242 -373 16 -10 45 -18 66 -18 51 0 107 52 107 100 0 39 -1 41 -124 234 -80 126 -108 162 -133 173 -41 17 -61 16 -100 -3z\"\/><path d=\"M4250 2784 c-14 -9 -74 -91 -133 -183 -95 -150 -107 -173 -107 -213 0 -55 33 -94 87 -104 67 -13 90 8 211 198 130 202 137 225 78 284 -27 27 -42 34 -72 34 -22 0 -50 -8 -64 -16z\"\/><path d=\"M2275 2693 c-553 -48 -1095 -270 -1585 -649 -135 -104 -459 -423 -483 -476 -23 -49 -22 -139 2 -186 73 -142 361 -457 571 -626 285 -228 642 -407 990 -497 242 -63 336 -73 660 -74 310 0 370 5 595 52 535 111 1045 392 1455 803 122 121 250 273 275 326 19 41 19 137 0 174 -41 79 -309 363 -465 492 -447 370 -946 591 -1479 653 -113 14 -422 18 -536 8z m395 -428 c171 -34 330 -124 456 -258 112 -119 167 -219 211 -378 27 -96 24 -300 -5 -401 -72 -255 -236 -447 -474 -557 -132 -62 -201 -76 -368 -76 -167 0 -236 14 -368 76 -213 98 -373 271 -451 485 -162 444 86 934 547 1084 153 49 292 57 452 25z m909 -232 c222 -123 408 -262 593 -441 76 -74 138 -139 138 -144 0 -16 -233 -242 -330 -319 -155 -123 -309 -223 -461 -299 l-81 -41 32 46 c18 26 49 83 70 128 143 306 141 649 -6 957 -25 52 -61 116 -79 142 l-34 47 45 -20 c26 -10 76 -36 113 -56z m-2057 25 c-40 -58 -105 -190 -130 -263 -110 -324 -59 -707 132 -981 25 -35 42 -64 37 -64 -19 0 -241 119 -326 174 -188 122 -406 314 -532 468 l-58 71 108 103 c185 178 428 349 672 473 66 33 121 60 123 61 2 0 -10 -19 -26 -42z\"\/><path d=\"M2375 1950 c-198 -44 -350 -190 -395 -379 -18 -76 -8 -221 19 -290 114 -284 457 -406 731 -260 98 52 188 154 231 260 27 69 37 214 19 290 -38 163 -166 304 -326 360 -67 23 -215 33 -279 19z\"\/><\/g><\/svg><\/i> <img loading=\"lazy\" decoding=\"async\" width=\"16\" height=\"16\" alt=\"Loading\" src=\"https:\/\/alboradatixtla.com\/wp-content\/plugins\/page-views-count\/ajax-loader-2x.gif\" border=0 \/><\/p><div class=\"pvc_clear\"><\/div>\n<p><\/p>\n\n\n\n<p>Por: Fernando Foster<\/p>\n\n\n\n<p>Chilpancingo de los Bravo, Gro., 05 agosto de 2026.\u2014 El presidente de la Junta de Coordinaci\u00f3n Pol\u00edtica (Jucopo) del Congreso de Guerrero y coordinador parlamentario de Morena, Joaqu\u00edn Badillo Escamilla, respald\u00f3 la incorporaci\u00f3n de Irugami Perea Cruz como delegado del Comit\u00e9 Ejecutivo Nacional de Morena en Guerrero y asegur\u00f3 que su llegada debe contribuir a fortalecer la unidad y no generar una disputa con la dirigencia estatal.<\/p>\n\n\n\n<p>Tras reunirse con el delegado nacional, Badillo Escamilla explic\u00f3 que uno de los principales acuerdos fue impulsar una agenda de recorridos por distritos y municipios del estado, con el prop\u00f3sito de sumar a militantes, simpatizantes y liderazgos de las distintas regiones.<\/p>\n\n\n\n<p>Precis\u00f3 que, desde su posici\u00f3n como coordinador del grupo parlamentario de Morena, facilitar\u00e1 la vinculaci\u00f3n del delegado con los 25 legisladores de su bancada, particularmente cuando se realicen asambleas o actividades en los municipios que representan.<\/p>\n\n\n\n<p>\u201cViene a sumar, a reforzar y a unificar\u201d, sostuvo Badillo al rechazar que Perea Cruz pretenda sustituir al dirigente estatal de Morena, Jacinto Gonz\u00e1lez Varona.<\/p>\n\n\n\n<p>El legislador consider\u00f3 que la presencia de un delegado nacional permitir\u00e1 ampliar la apertura y pluralidad dentro del partido, especialmente ante el proceso interno que Morena desarrollar\u00e1 rumbo a las elecciones de 2027.<\/p>\n\n\n\n<p>Sobre la definici\u00f3n de la candidatura de Morena para Acapulco, Badillo Escamilla se\u00f1al\u00f3 que todav\u00eda no existe una determinaci\u00f3n oficial y que ser\u00e1 necesario esperar las convocatorias y los mecanismos que establezca la dirigencia nacional.<\/p>\n\n\n\n<p>Sin embargo, explic\u00f3 que existe una discusi\u00f3n jur\u00eddica en torno a la alternancia de g\u00e9nero, debido a que Acapulco ha sido gobernado durante tres periodos consecutivos por mujeres: Adela Rom\u00e1n Ocampo y Abelina L\u00f3pez Rodr\u00edguez, por lo que consider\u00f3 que existen argumentos para que el pr\u00f3ximo proceso corresponda a un hombre.<\/p>\n\n\n\n<p>El presidente de la Jucopo sostuvo que los siete diputados locales que representan a Acapulco cinco de Morena y dos del Partido Verde tienen derecho leg\u00edtimo a aspirar, al igual que otros actores pol\u00edticos del municipio.<\/p>\n\n\n\n<p>Ante la posibilidad de que m\u00e1s perfiles se registren, afirm\u00f3 que la apertura debe verse como una fortaleza y no como desorganizaci\u00f3n.<\/p>\n\n\n\n<p>\u201cEntre m\u00e1s apertura haya, entre m\u00e1s pluralidad haya dentro de nuestro movimiento, respetando todas las leyes y las convocatorias, se generar\u00e1 mayor competitividad\u201d, se\u00f1al\u00f3.<\/p>\n\n\n\n<p>Incluso propuso que, en caso de realizarse una encuesta para definir al candidato o candidata, \u00e9sta sea territorial, casa por casa y con una muestra amplia, pues consider\u00f3 que una medici\u00f3n telef\u00f3nica podr\u00eda dejar fuera a sectores de las zonas rurales de Acapulco.<\/p>\n\n\n\n<p>Ante los se\u00f1alamientos de un supuesto desgaste interno en Morena, Badillo Escamilla rechaz\u00f3 que exista una fractura en su bancada y puso como ejemplo la aprobaci\u00f3n por unanimidad de asuntos relevantes en el Congreso local.<\/p>\n\n\n\n<p>Destac\u00f3 que Morena cuenta con 25 de los 46 diputados del Congreso de Guerrero, lo que representa una posici\u00f3n mayoritaria que, dijo, obliga a mantener la unidad y actuar con responsabilidad.<\/p>\n\n\n\n<p>El morenista sostuvo que las diferencias propias de una contienda interna no deben convertirse en divisiones permanentes y llam\u00f3 a los distintos actores a privilegiar el di\u00e1logo.<\/p>\n\n\n\n<p>Respecto a la posible acci\u00f3n de inconstitucionalidad promovida por colectivos feministas contra reformas relacionadas con paridad de g\u00e9nero, Badillo afirm\u00f3 que el Congreso ser\u00e1 respetuoso de los procedimientos legales y acatar\u00e1 cualquier resoluci\u00f3n que emita la Suprema Corte de Justicia de la Naci\u00f3n.<\/p>\n\n\n\n<p>En otro tema, inform\u00f3 que el Congreso deber\u00e1 validar el procedimiento realizado por el Cabildo de Huamuxtitl\u00e1n para la designaci\u00f3n del suplente del alcalde, luego de que el Ayuntamiento ejerciera sus facultades constitucionales.<\/p>\n\n\n\n<p>Finalmente, Badillo destac\u00f3 la puesta en funcionamiento del sistema electr\u00f3nico de votaci\u00f3n del Congreso local y aclar\u00f3 que se trata del mismo tablero adquirido a\u00f1os atr\u00e1s, el cual fue rehabilitado por personal t\u00e9cnico del propio Poder Legislativo sin necesidad de realizar una nueva compra.<\/p>\n\n\n\n<p>Asegur\u00f3 que el sistema permite a los diputados votar mediante dispositivos electr\u00f3nicos y cuenta con mecanismos de identificaci\u00f3n para garantizar que la votaci\u00f3n se realice desde el Pleno.<\/p>\n","protected":false},"excerpt":{"rendered":"<div class=\"pvc_clear\"><\/div>\n<p id=\"pvc_stats_3357\" class=\"pvc_stats all  \" data-element-id=\"3357\" style=\"\"><i class=\"pvc-stats-icon medium\" aria-hidden=\"true\"><svg xmlns=\"http:\/\/www.w3.org\/2000\/svg\" version=\"1.0\" viewBox=\"0 0 502 315\" preserveAspectRatio=\"xMidYMid meet\"><g transform=\"translate(0,332) scale(0.1,-0.1)\" fill=\"\" stroke=\"none\"><path d=\"M2394 3279 l-29 -30 -3 -207 c-2 -182 0 -211 15 -242 39 -76 157 -76 196 0 15 31 17 60 15 243 l-3 209 -33 29 c-26 23 -41 29 -80 29 -41 0 -53 -5 -78 -31z\"\/><path d=\"M3085 3251 c-45 -19 -58 -50 -96 -229 -47 -217 -49 -260 -13 -295 52 -53 146 -42 177 20 16 31 87 366 87 410 0 70 -86 122 -155 94z\"\/><path d=\"M1751 3234 c-13 -9 -29 -31 -37 -50 -12 -29 -10 -49 21 -204 19 -94 39 -189 45 -210 14 -50 54 -80 110 -80 34 0 48 6 76 34 21 21 34 44 34 59 0 14 -18 113 -40 219 -37 178 -43 195 -70 221 -36 32 -101 37 -139 11z\"\/><path d=\"M1163 3073 c-36 -7 -73 -59 -73 -102 0 -56 133 -378 171 -413 34 -32 83 -37 129 -13 70 36 67 87 -16 290 -86 209 -89 214 -129 231 -35 14 -42 15 -82 7z\"\/><path d=\"M3689 3066 c-15 -9 -33 -30 -42 -48 -48 -103 -147 -355 -147 -375 0 -98 131 -148 192 -74 13 15 57 108 97 206 80 196 84 226 37 273 -30 30 -99 39 -137 18z\"\/><path d=\"M583 2784 c-38 -19 -67 -74 -58 -113 9 -42 211 -354 242 -373 16 -10 45 -18 66 -18 51 0 107 52 107 100 0 39 -1 41 -124 234 -80 126 -108 162 -133 173 -41 17 -61 16 -100 -3z\"\/><path d=\"M4250 2784 c-14 -9 -74 -91 -133 -183 -95 -150 -107 -173 -107 -213 0 -55 33 -94 87 -104 67 -13 90 8 211 198 130 202 137 225 78 284 -27 27 -42 34 -72 34 -22 0 -50 -8 -64 -16z\"\/><path d=\"M2275 2693 c-553 -48 -1095 -270 -1585 -649 -135 -104 -459 -423 -483 -476 -23 -49 -22 -139 2 -186 73 -142 361 -457 571 -626 285 -228 642 -407 990 -497 242 -63 336 -73 660 -74 310 0 370 5 595 52 535 111 1045 392 1455 803 122 121 250 273 275 326 19 41 19 137 0 174 -41 79 -309 363 -465 492 -447 370 -946 591 -1479 653 -113 14 -422 18 -536 8z m395 -428 c171 -34 330 -124 456 -258 112 -119 167 -219 211 -378 27 -96 24 -300 -5 -401 -72 -255 -236 -447 -474 -557 -132 -62 -201 -76 -368 -76 -167 0 -236 14 -368 76 -213 98 -373 271 -451 485 -162 444 86 934 547 1084 153 49 292 57 452 25z m909 -232 c222 -123 408 -262 593 -441 76 -74 138 -139 138 -144 0 -16 -233 -242 -330 -319 -155 -123 -309 -223 -461 -299 l-81 -41 32 46 c18 26 49 83 70 128 143 306 141 649 -6 957 -25 52 -61 116 -79 142 l-34 47 45 -20 c26 -10 76 -36 113 -56z m-2057 25 c-40 -58 -105 -190 -130 -263 -110 -324 -59 -707 132 -981 25 -35 42 -64 37 -64 -19 0 -241 119 -326 174 -188 122 -406 314 -532 468 l-58 71 108 103 c185 178 428 349 672 473 66 33 121 60 123 61 2 0 -10 -19 -26 -42z\"\/><path d=\"M2375 1950 c-198 -44 -350 -190 -395 -379 -18 -76 -8 -221 19 -290 114 -284 457 -406 731 -260 98 52 188 154 231 260 27 69 37 214 19 290 -38 163 -166 304 -326 360 -67 23 -215 33 -279 19z\"\/><\/g><\/svg><\/i> <img loading=\"lazy\" decoding=\"async\" width=\"16\" height=\"16\" alt=\"Loading\" src=\"https:\/\/alboradatixtla.com\/wp-content\/plugins\/page-views-count\/ajax-loader-2x.gif\" border=0 \/><\/p>\n<div class=\"pvc_clear\"><\/div>\n<p>Por: Fernando Foster Chilpancingo de los Bravo, Gro., 05 agosto de 2026.\u2014 El presidente de la Junta de Coordinaci\u00f3n Pol\u00edtica<\/p>\n","protected":false},"author":3,"featured_media":3358,"comment_status":"open","ping_status":"open","sticky":false,"template":"","format":"standard","meta":{"colormag_page_container_layout":"default_layout","colormag_page_sidebar_layout":"default_layout","_monsterinsights_skip_tracking":false,"episode_type":"","audio_file":"","podmotor_file_id":"","podmotor_episode_id":"","cover_image":"","cover_image_id":"","duration":"","filesize":"","filesize_raw":"","date_recorded":"","explicit":"","block":"","footnotes":"","jetpack_publicize_message":"","jetpack_publicize_feature_enabled":true,"jetpack_social_post_already_shared":true,"jetpack_social_options":{"image_generator_settings":{"template":"highway","default_image_id":0,"font":"","enabled":false},"version":2}},"categories":[13],"tags":[],"class_list":["post-3357","post","type-post","status-publish","format-standard","has-post-thumbnail","hentry","category-recientes"],"a3_pvc":{"activated":true,"total_views":4,"today_views":0},"jetpack_publicize_connections":[],"_links":{"self":[{"href":"https:\/\/alboradatixtla.com\/index.php?rest_route=\/wp\/v2\/posts\/3357","targetHints":{"allow":["GET"]}}],"collection":[{"href":"https:\/\/alboradatixtla.com\/index.php?rest_route=\/wp\/v2\/posts"}],"about":[{"href":"https:\/\/alboradatixtla.com\/index.php?rest_route=\/wp\/v2\/types\/post"}],"author":[{"embeddable":true,"href":"https:\/\/alboradatixtla.com\/index.php?rest_route=\/wp\/v2\/users\/3"}],"replies":[{"embeddable":true,"href":"https:\/\/alboradatixtla.com\/index.php?rest_route=%2Fwp%2Fv2%2Fcomments&post=3357"}],"version-history":[{"count":1,"href":"https:\/\/alboradatixtla.com\/index.php?rest_route=\/wp\/v2\/posts\/3357\/revisions"}],"predecessor-version":[{"id":3359,"href":"https:\/\/alboradatixtla.com\/index.php?rest_route=\/wp\/v2\/posts\/3357\/revisions\/3359"}],"wp:featuredmedia":[{"embeddable":true,"href":"https:\/\/alboradatixtla.com\/index.php?rest_route=\/wp\/v2\/media\/3358"}],"wp:attachment":[{"href":"https:\/\/alboradatixtla.com\/index.php?rest_route=%2Fwp%2Fv2%2Fmedia&parent=3357"}],"wp:term":[{"taxonomy":"category","embeddable":true,"href":"https:\/\/alboradatixtla.com\/index.php?rest_route=%2Fwp%2Fv2%2Fcategories&post=3357"},{"taxonomy":"post_tag","embeddable":true,"href":"https:\/\/alboradatixtla.com\/index.php?rest_route=%2Fwp%2Fv2%2Ftags&post=3357"}],"curies":[{"name":"wp","href":"https:\/\/api.w.org\/{rel}","templated":true}]}}