{"id":3347,"date":"2026-08-05T17:31:18","date_gmt":"2026-08-05T23:31:18","guid":{"rendered":"https:\/\/alboradatixtla.com\/?p=3347"},"modified":"2026-08-05T17:31:18","modified_gmt":"2026-08-05T23:31:18","slug":"en-guerrero-se-consolida-la-eficiencia-de-la-administracion-con-profesionalizacion-del-servicio-publico","status":"publish","type":"post","link":"https:\/\/alboradatixtla.com\/?p=3347","title":{"rendered":"En Guerrero se consolida la eficiencia de la administraci\u00f3n con profesionalizaci\u00f3n del servicio p\u00fablico"},"content":{"rendered":"<div class=\"pvc_clear\"><\/div><p id=\"pvc_stats_3347\" class=\"pvc_stats all  \" data-element-id=\"3347\" style=\"\"><i class=\"pvc-stats-icon medium\" aria-hidden=\"true\"><svg xmlns=\"http:\/\/www.w3.org\/2000\/svg\" version=\"1.0\" viewBox=\"0 0 502 315\" preserveAspectRatio=\"xMidYMid meet\"><g transform=\"translate(0,332) scale(0.1,-0.1)\" fill=\"\" stroke=\"none\"><path d=\"M2394 3279 l-29 -30 -3 -207 c-2 -182 0 -211 15 -242 39 -76 157 -76 196 0 15 31 17 60 15 243 l-3 209 -33 29 c-26 23 -41 29 -80 29 -41 0 -53 -5 -78 -31z\"\/><path d=\"M3085 3251 c-45 -19 -58 -50 -96 -229 -47 -217 -49 -260 -13 -295 52 -53 146 -42 177 20 16 31 87 366 87 410 0 70 -86 122 -155 94z\"\/><path d=\"M1751 3234 c-13 -9 -29 -31 -37 -50 -12 -29 -10 -49 21 -204 19 -94 39 -189 45 -210 14 -50 54 -80 110 -80 34 0 48 6 76 34 21 21 34 44 34 59 0 14 -18 113 -40 219 -37 178 -43 195 -70 221 -36 32 -101 37 -139 11z\"\/><path d=\"M1163 3073 c-36 -7 -73 -59 -73 -102 0 -56 133 -378 171 -413 34 -32 83 -37 129 -13 70 36 67 87 -16 290 -86 209 -89 214 -129 231 -35 14 -42 15 -82 7z\"\/><path d=\"M3689 3066 c-15 -9 -33 -30 -42 -48 -48 -103 -147 -355 -147 -375 0 -98 131 -148 192 -74 13 15 57 108 97 206 80 196 84 226 37 273 -30 30 -99 39 -137 18z\"\/><path d=\"M583 2784 c-38 -19 -67 -74 -58 -113 9 -42 211 -354 242 -373 16 -10 45 -18 66 -18 51 0 107 52 107 100 0 39 -1 41 -124 234 -80 126 -108 162 -133 173 -41 17 -61 16 -100 -3z\"\/><path d=\"M4250 2784 c-14 -9 -74 -91 -133 -183 -95 -150 -107 -173 -107 -213 0 -55 33 -94 87 -104 67 -13 90 8 211 198 130 202 137 225 78 284 -27 27 -42 34 -72 34 -22 0 -50 -8 -64 -16z\"\/><path d=\"M2275 2693 c-553 -48 -1095 -270 -1585 -649 -135 -104 -459 -423 -483 -476 -23 -49 -22 -139 2 -186 73 -142 361 -457 571 -626 285 -228 642 -407 990 -497 242 -63 336 -73 660 -74 310 0 370 5 595 52 535 111 1045 392 1455 803 122 121 250 273 275 326 19 41 19 137 0 174 -41 79 -309 363 -465 492 -447 370 -946 591 -1479 653 -113 14 -422 18 -536 8z m395 -428 c171 -34 330 -124 456 -258 112 -119 167 -219 211 -378 27 -96 24 -300 -5 -401 -72 -255 -236 -447 -474 -557 -132 -62 -201 -76 -368 -76 -167 0 -236 14 -368 76 -213 98 -373 271 -451 485 -162 444 86 934 547 1084 153 49 292 57 452 25z m909 -232 c222 -123 408 -262 593 -441 76 -74 138 -139 138 -144 0 -16 -233 -242 -330 -319 -155 -123 -309 -223 -461 -299 l-81 -41 32 46 c18 26 49 83 70 128 143 306 141 649 -6 957 -25 52 -61 116 -79 142 l-34 47 45 -20 c26 -10 76 -36 113 -56z m-2057 25 c-40 -58 -105 -190 -130 -263 -110 -324 -59 -707 132 -981 25 -35 42 -64 37 -64 -19 0 -241 119 -326 174 -188 122 -406 314 -532 468 l-58 71 108 103 c185 178 428 349 672 473 66 33 121 60 123 61 2 0 -10 -19 -26 -42z\"\/><path d=\"M2375 1950 c-198 -44 -350 -190 -395 -379 -18 -76 -8 -221 19 -290 114 -284 457 -406 731 -260 98 52 188 154 231 260 27 69 37 214 19 290 -38 163 -166 304 -326 360 -67 23 -215 33 -279 19z\"\/><\/g><\/svg><\/i> <img loading=\"lazy\" decoding=\"async\" width=\"16\" height=\"16\" alt=\"Loading\" src=\"https:\/\/alboradatixtla.com\/wp-content\/plugins\/page-views-count\/ajax-loader-2x.gif\" border=0 \/><\/p><div class=\"pvc_clear\"><\/div>\n<p><\/p>\n\n\n\n<p>Chilpancingo, Gro., 5 de agosto de 2026.- Para consolidar una administraci\u00f3n p\u00fablica m\u00e1s eficiente, transparente y cercana a la ciudadan\u00eda, en seguimiento a las instrucciones de la gobernadora Evelyn Salgado Pineda, la encargada de despacho de la Secretar\u00eda General de Gobierno, Anacleta L\u00f3pez Vega, y el titular de la Secretar\u00eda de Finanzas y Administraci\u00f3n, Raymundo Segura Estrada, suscribieron un convenio de colaboraci\u00f3n para la capacitaci\u00f3n y profesionalizaci\u00f3n de las personas servidoras p\u00fablicas del sector central y paraestatal.<\/p>\n\n\n\n<p>Este convenio tiene como objetivo establecer mecanismos de colaboraci\u00f3n para el desarrollo de programas de capacitaci\u00f3n y actualizaci\u00f3n del personal, la aplicaci\u00f3n de evaluaciones al desempe\u00f1o, as\u00ed como la implementaci\u00f3n de programas de servicio social y pr\u00e1cticas profesionales dirigidos a estudiantes de instituciones p\u00fablicas, privadas y aut\u00f3nomas de nivel medio superior y superior.<\/p>\n\n\n\n<p>En su intervenci\u00f3n, L\u00f3pez Vega destac\u00f3 que la firma de este acuerdo refrenda la visi\u00f3n de gobierno basada en eficientar el desarrollo del capital humano, al reconocer que las instituciones son tan s\u00f3lidas como la \u00e9tica, la responsabilidad y el compromiso de quienes las integran.<\/p>\n\n\n\n<p>Por su parte, el secretario de Finanzas se\u00f1al\u00f3 que este convenio representa la consolidaci\u00f3n de un compromiso compartido para fortalecer el servicio p\u00fablico y continuar construyendo un gobierno m\u00e1s profesional y con mayores capacidades para servir a las y los guerrerenses.<\/p>\n\n\n\n<p>Asistieron a la firma de convenio el director del Peri\u00f3dico Oficial del Estado, Omar Carmona Romero; la directora de Desarrollo de Personal de la Secretar\u00eda de Finanzas y Administraci\u00f3n, Solcamire Ruiz Catal\u00e1n; el director de Asuntos Jur\u00eddicos y del Notariado de la Secretar\u00eda General de Gobierno, Pedro Borja Albino; la jefa del Departamento de la Direcci\u00f3n General de Proyectos y Enlace Normativo, Berenice de la Cruz Ram\u00edrez, entre otras autoridades estatales.<\/p>\n\n\n\n<figure class=\"wp-block-gallery has-nested-images columns-default is-cropped wp-block-gallery-1 is-layout-flex wp-block-gallery-is-layout-flex\">\n<figure class=\"wp-block-image size-large\"><img loading=\"lazy\" decoding=\"async\" width=\"1024\" height=\"682\" data-id=\"3349\" src=\"https:\/\/alboradatixtla.com\/wp-content\/uploads\/2026\/08\/WhatsApp-Image-2026-08-05-at-5.08.32-PM-1024x682.jpeg\" alt=\"\" class=\"wp-image-3349\" srcset=\"https:\/\/alboradatixtla.com\/wp-content\/uploads\/2026\/08\/WhatsApp-Image-2026-08-05-at-5.08.32-PM-1024x682.jpeg 1024w, https:\/\/alboradatixtla.com\/wp-content\/uploads\/2026\/08\/WhatsApp-Image-2026-08-05-at-5.08.32-PM-300x200.jpeg 300w, https:\/\/alboradatixtla.com\/wp-content\/uploads\/2026\/08\/WhatsApp-Image-2026-08-05-at-5.08.32-PM-768x512.jpeg 768w, https:\/\/alboradatixtla.com\/wp-content\/uploads\/2026\/08\/WhatsApp-Image-2026-08-05-at-5.08.32-PM.jpeg 1280w\" sizes=\"auto, (max-width: 1024px) 100vw, 1024px\" \/><\/figure>\n\n\n\n<figure class=\"wp-block-image size-large\"><img loading=\"lazy\" decoding=\"async\" width=\"1024\" height=\"683\" data-id=\"3352\" src=\"https:\/\/alboradatixtla.com\/wp-content\/uploads\/2026\/08\/WhatsApp-Image-2026-08-05-at-5.08.31-PM-1024x683.jpeg\" alt=\"\" class=\"wp-image-3352\" srcset=\"https:\/\/alboradatixtla.com\/wp-content\/uploads\/2026\/08\/WhatsApp-Image-2026-08-05-at-5.08.31-PM-1024x683.jpeg 1024w, https:\/\/alboradatixtla.com\/wp-content\/uploads\/2026\/08\/WhatsApp-Image-2026-08-05-at-5.08.31-PM-300x200.jpeg 300w, https:\/\/alboradatixtla.com\/wp-content\/uploads\/2026\/08\/WhatsApp-Image-2026-08-05-at-5.08.31-PM-768x512.jpeg 768w, https:\/\/alboradatixtla.com\/wp-content\/uploads\/2026\/08\/WhatsApp-Image-2026-08-05-at-5.08.31-PM.jpeg 1231w\" sizes=\"auto, (max-width: 1024px) 100vw, 1024px\" \/><\/figure>\n\n\n\n<figure class=\"wp-block-image size-large\"><img loading=\"lazy\" decoding=\"async\" width=\"1024\" height=\"682\" data-id=\"3351\" src=\"https:\/\/alboradatixtla.com\/wp-content\/uploads\/2026\/08\/WhatsApp-Image-2026-08-05-at-5.08.31-PM-2-1024x682.jpeg\" alt=\"\" class=\"wp-image-3351\" srcset=\"https:\/\/alboradatixtla.com\/wp-content\/uploads\/2026\/08\/WhatsApp-Image-2026-08-05-at-5.08.31-PM-2-1024x682.jpeg 1024w, https:\/\/alboradatixtla.com\/wp-content\/uploads\/2026\/08\/WhatsApp-Image-2026-08-05-at-5.08.31-PM-2-300x200.jpeg 300w, https:\/\/alboradatixtla.com\/wp-content\/uploads\/2026\/08\/WhatsApp-Image-2026-08-05-at-5.08.31-PM-2-768x512.jpeg 768w, https:\/\/alboradatixtla.com\/wp-content\/uploads\/2026\/08\/WhatsApp-Image-2026-08-05-at-5.08.31-PM-2.jpeg 1280w\" sizes=\"auto, (max-width: 1024px) 100vw, 1024px\" \/><\/figure>\n\n\n\n<figure class=\"wp-block-image size-large\"><img loading=\"lazy\" decoding=\"async\" width=\"1024\" height=\"682\" data-id=\"3350\" src=\"https:\/\/alboradatixtla.com\/wp-content\/uploads\/2026\/08\/WhatsApp-Image-2026-08-05-at-5.08.31-PM-1-1024x682.jpeg\" alt=\"\" class=\"wp-image-3350\" srcset=\"https:\/\/alboradatixtla.com\/wp-content\/uploads\/2026\/08\/WhatsApp-Image-2026-08-05-at-5.08.31-PM-1-1024x682.jpeg 1024w, https:\/\/alboradatixtla.com\/wp-content\/uploads\/2026\/08\/WhatsApp-Image-2026-08-05-at-5.08.31-PM-1-300x200.jpeg 300w, https:\/\/alboradatixtla.com\/wp-content\/uploads\/2026\/08\/WhatsApp-Image-2026-08-05-at-5.08.31-PM-1-768x512.jpeg 768w, https:\/\/alboradatixtla.com\/wp-content\/uploads\/2026\/08\/WhatsApp-Image-2026-08-05-at-5.08.31-PM-1.jpeg 1280w\" sizes=\"auto, (max-width: 1024px) 100vw, 1024px\" \/><\/figure>\n\n\n\n<figure class=\"wp-block-image size-large\"><img loading=\"lazy\" decoding=\"async\" width=\"1024\" height=\"682\" data-id=\"3354\" src=\"https:\/\/alboradatixtla.com\/wp-content\/uploads\/2026\/08\/WhatsApp-Image-2026-08-05-at-5.08.30-PM-1024x682.jpeg\" alt=\"\" class=\"wp-image-3354\" srcset=\"https:\/\/alboradatixtla.com\/wp-content\/uploads\/2026\/08\/WhatsApp-Image-2026-08-05-at-5.08.30-PM-1024x682.jpeg 1024w, https:\/\/alboradatixtla.com\/wp-content\/uploads\/2026\/08\/WhatsApp-Image-2026-08-05-at-5.08.30-PM-300x200.jpeg 300w, https:\/\/alboradatixtla.com\/wp-content\/uploads\/2026\/08\/WhatsApp-Image-2026-08-05-at-5.08.30-PM-768x512.jpeg 768w, https:\/\/alboradatixtla.com\/wp-content\/uploads\/2026\/08\/WhatsApp-Image-2026-08-05-at-5.08.30-PM.jpeg 1280w\" sizes=\"auto, (max-width: 1024px) 100vw, 1024px\" \/><\/figure>\n\n\n\n<figure class=\"wp-block-image size-large\"><img loading=\"lazy\" decoding=\"async\" width=\"1024\" height=\"682\" data-id=\"3355\" src=\"https:\/\/alboradatixtla.com\/wp-content\/uploads\/2026\/08\/WhatsApp-Image-2026-08-05-at-5.08.30-PM-2-1024x682.jpeg\" alt=\"\" class=\"wp-image-3355\" srcset=\"https:\/\/alboradatixtla.com\/wp-content\/uploads\/2026\/08\/WhatsApp-Image-2026-08-05-at-5.08.30-PM-2-1024x682.jpeg 1024w, https:\/\/alboradatixtla.com\/wp-content\/uploads\/2026\/08\/WhatsApp-Image-2026-08-05-at-5.08.30-PM-2-300x200.jpeg 300w, https:\/\/alboradatixtla.com\/wp-content\/uploads\/2026\/08\/WhatsApp-Image-2026-08-05-at-5.08.30-PM-2-768x512.jpeg 768w, https:\/\/alboradatixtla.com\/wp-content\/uploads\/2026\/08\/WhatsApp-Image-2026-08-05-at-5.08.30-PM-2.jpeg 1280w\" sizes=\"auto, (max-width: 1024px) 100vw, 1024px\" \/><\/figure>\n\n\n\n<figure class=\"wp-block-image size-large\"><img loading=\"lazy\" decoding=\"async\" width=\"1024\" height=\"682\" data-id=\"3353\" src=\"https:\/\/alboradatixtla.com\/wp-content\/uploads\/2026\/08\/WhatsApp-Image-2026-08-05-at-5.08.30-PM-1-1024x682.jpeg\" alt=\"\" class=\"wp-image-3353\" srcset=\"https:\/\/alboradatixtla.com\/wp-content\/uploads\/2026\/08\/WhatsApp-Image-2026-08-05-at-5.08.30-PM-1-1024x682.jpeg 1024w, https:\/\/alboradatixtla.com\/wp-content\/uploads\/2026\/08\/WhatsApp-Image-2026-08-05-at-5.08.30-PM-1-300x200.jpeg 300w, https:\/\/alboradatixtla.com\/wp-content\/uploads\/2026\/08\/WhatsApp-Image-2026-08-05-at-5.08.30-PM-1-768x512.jpeg 768w, https:\/\/alboradatixtla.com\/wp-content\/uploads\/2026\/08\/WhatsApp-Image-2026-08-05-at-5.08.30-PM-1.jpeg 1280w\" sizes=\"auto, (max-width: 1024px) 100vw, 1024px\" \/><\/figure>\n<\/figure>\n","protected":false},"excerpt":{"rendered":"<div class=\"pvc_clear\"><\/div>\n<p id=\"pvc_stats_3347\" class=\"pvc_stats all  \" data-element-id=\"3347\" style=\"\"><i class=\"pvc-stats-icon medium\" aria-hidden=\"true\"><svg xmlns=\"http:\/\/www.w3.org\/2000\/svg\" version=\"1.0\" viewBox=\"0 0 502 315\" preserveAspectRatio=\"xMidYMid meet\"><g transform=\"translate(0,332) scale(0.1,-0.1)\" fill=\"\" stroke=\"none\"><path d=\"M2394 3279 l-29 -30 -3 -207 c-2 -182 0 -211 15 -242 39 -76 157 -76 196 0 15 31 17 60 15 243 l-3 209 -33 29 c-26 23 -41 29 -80 29 -41 0 -53 -5 -78 -31z\"\/><path d=\"M3085 3251 c-45 -19 -58 -50 -96 -229 -47 -217 -49 -260 -13 -295 52 -53 146 -42 177 20 16 31 87 366 87 410 0 70 -86 122 -155 94z\"\/><path d=\"M1751 3234 c-13 -9 -29 -31 -37 -50 -12 -29 -10 -49 21 -204 19 -94 39 -189 45 -210 14 -50 54 -80 110 -80 34 0 48 6 76 34 21 21 34 44 34 59 0 14 -18 113 -40 219 -37 178 -43 195 -70 221 -36 32 -101 37 -139 11z\"\/><path d=\"M1163 3073 c-36 -7 -73 -59 -73 -102 0 -56 133 -378 171 -413 34 -32 83 -37 129 -13 70 36 67 87 -16 290 -86 209 -89 214 -129 231 -35 14 -42 15 -82 7z\"\/><path d=\"M3689 3066 c-15 -9 -33 -30 -42 -48 -48 -103 -147 -355 -147 -375 0 -98 131 -148 192 -74 13 15 57 108 97 206 80 196 84 226 37 273 -30 30 -99 39 -137 18z\"\/><path d=\"M583 2784 c-38 -19 -67 -74 -58 -113 9 -42 211 -354 242 -373 16 -10 45 -18 66 -18 51 0 107 52 107 100 0 39 -1 41 -124 234 -80 126 -108 162 -133 173 -41 17 -61 16 -100 -3z\"\/><path d=\"M4250 2784 c-14 -9 -74 -91 -133 -183 -95 -150 -107 -173 -107 -213 0 -55 33 -94 87 -104 67 -13 90 8 211 198 130 202 137 225 78 284 -27 27 -42 34 -72 34 -22 0 -50 -8 -64 -16z\"\/><path d=\"M2275 2693 c-553 -48 -1095 -270 -1585 -649 -135 -104 -459 -423 -483 -476 -23 -49 -22 -139 2 -186 73 -142 361 -457 571 -626 285 -228 642 -407 990 -497 242 -63 336 -73 660 -74 310 0 370 5 595 52 535 111 1045 392 1455 803 122 121 250 273 275 326 19 41 19 137 0 174 -41 79 -309 363 -465 492 -447 370 -946 591 -1479 653 -113 14 -422 18 -536 8z m395 -428 c171 -34 330 -124 456 -258 112 -119 167 -219 211 -378 27 -96 24 -300 -5 -401 -72 -255 -236 -447 -474 -557 -132 -62 -201 -76 -368 -76 -167 0 -236 14 -368 76 -213 98 -373 271 -451 485 -162 444 86 934 547 1084 153 49 292 57 452 25z m909 -232 c222 -123 408 -262 593 -441 76 -74 138 -139 138 -144 0 -16 -233 -242 -330 -319 -155 -123 -309 -223 -461 -299 l-81 -41 32 46 c18 26 49 83 70 128 143 306 141 649 -6 957 -25 52 -61 116 -79 142 l-34 47 45 -20 c26 -10 76 -36 113 -56z m-2057 25 c-40 -58 -105 -190 -130 -263 -110 -324 -59 -707 132 -981 25 -35 42 -64 37 -64 -19 0 -241 119 -326 174 -188 122 -406 314 -532 468 l-58 71 108 103 c185 178 428 349 672 473 66 33 121 60 123 61 2 0 -10 -19 -26 -42z\"\/><path d=\"M2375 1950 c-198 -44 -350 -190 -395 -379 -18 -76 -8 -221 19 -290 114 -284 457 -406 731 -260 98 52 188 154 231 260 27 69 37 214 19 290 -38 163 -166 304 -326 360 -67 23 -215 33 -279 19z\"\/><\/g><\/svg><\/i> <img loading=\"lazy\" decoding=\"async\" width=\"16\" height=\"16\" alt=\"Loading\" src=\"https:\/\/alboradatixtla.com\/wp-content\/plugins\/page-views-count\/ajax-loader-2x.gif\" border=0 \/><\/p>\n<div class=\"pvc_clear\"><\/div>\n<p>Chilpancingo, Gro., 5 de agosto de 2026.- Para consolidar una administraci\u00f3n p\u00fablica m\u00e1s eficiente, transparente y cercana a la ciudadan\u00eda,<\/p>\n","protected":false},"author":3,"featured_media":3348,"comment_status":"open","ping_status":"open","sticky":false,"template":"","format":"standard","meta":{"colormag_page_container_layout":"default_layout","colormag_page_sidebar_layout":"default_layout","_monsterinsights_skip_tracking":false,"episode_type":"","audio_file":"","podmotor_file_id":"","podmotor_episode_id":"","cover_image":"","cover_image_id":"","duration":"","filesize":"","filesize_raw":"","date_recorded":"","explicit":"","block":"","footnotes":"","jetpack_publicize_message":"","jetpack_publicize_feature_enabled":true,"jetpack_social_post_already_shared":true,"jetpack_social_options":{"image_generator_settings":{"template":"highway","default_image_id":0,"font":"","enabled":false},"version":2}},"categories":[36,9],"tags":[],"class_list":["post-3347","post","type-post","status-publish","format-standard","has-post-thumbnail","hentry","category-chilpancingo","category-guerrero"],"a3_pvc":{"activated":true,"total_views":4,"today_views":0},"jetpack_publicize_connections":[],"_links":{"self":[{"href":"https:\/\/alboradatixtla.com\/index.php?rest_route=\/wp\/v2\/posts\/3347","targetHints":{"allow":["GET"]}}],"collection":[{"href":"https:\/\/alboradatixtla.com\/index.php?rest_route=\/wp\/v2\/posts"}],"about":[{"href":"https:\/\/alboradatixtla.com\/index.php?rest_route=\/wp\/v2\/types\/post"}],"author":[{"embeddable":true,"href":"https:\/\/alboradatixtla.com\/index.php?rest_route=\/wp\/v2\/users\/3"}],"replies":[{"embeddable":true,"href":"https:\/\/alboradatixtla.com\/index.php?rest_route=%2Fwp%2Fv2%2Fcomments&post=3347"}],"version-history":[{"count":1,"href":"https:\/\/alboradatixtla.com\/index.php?rest_route=\/wp\/v2\/posts\/3347\/revisions"}],"predecessor-version":[{"id":3356,"href":"https:\/\/alboradatixtla.com\/index.php?rest_route=\/wp\/v2\/posts\/3347\/revisions\/3356"}],"wp:featuredmedia":[{"embeddable":true,"href":"https:\/\/alboradatixtla.com\/index.php?rest_route=\/wp\/v2\/media\/3348"}],"wp:attachment":[{"href":"https:\/\/alboradatixtla.com\/index.php?rest_route=%2Fwp%2Fv2%2Fmedia&parent=3347"}],"wp:term":[{"taxonomy":"category","embeddable":true,"href":"https:\/\/alboradatixtla.com\/index.php?rest_route=%2Fwp%2Fv2%2Fcategories&post=3347"},{"taxonomy":"post_tag","embeddable":true,"href":"https:\/\/alboradatixtla.com\/index.php?rest_route=%2Fwp%2Fv2%2Ftags&post=3347"}],"curies":[{"name":"wp","href":"https:\/\/api.w.org\/{rel}","templated":true}]}}